{"id":11546,"date":"2014-09-02T18:00:26","date_gmt":"2014-09-02T22:00:26","guid":{"rendered":"http:\/\/www.yungayino.cl\/noticias\/?p=11546"},"modified":"2014-09-02T18:11:39","modified_gmt":"2014-09-02T22:11:39","slug":"centro-de-salud-familiar-campanario-celebro-14-anos-de-vida","status":"publish","type":"post","link":"https:\/\/www.yungayino.cl\/noticias\/?p=11546","title":{"rendered":"Centro de Salud Familiar Campanario Celebr\u00f3 14 A\u00f1os de Vida"},"content":{"rendered":"<p><a href=\"http:\/\/www.yungayino.cl\/noticias\/wp-content\/uploads\/2014\/09\/cesfamcampanario201409.jpg\"><img loading=\"lazy\" decoding=\"async\" class=\"alignnone size-full wp-image-11547\" src=\"http:\/\/www.yungayino.cl\/noticias\/wp-content\/uploads\/2014\/09\/cesfamcampanario201409.jpg\" alt=\"cesfamcampanario201409\" width=\"500\" height=\"300\" srcset=\"https:\/\/www.yungayino.cl\/noticias\/wp-content\/uploads\/2014\/09\/cesfamcampanario201409.jpg 500w, https:\/\/www.yungayino.cl\/noticias\/wp-content\/uploads\/2014\/09\/cesfamcampanario201409-300x180.jpg 300w, https:\/\/www.yungayino.cl\/noticias\/wp-content\/uploads\/2014\/09\/cesfamcampanario201409-250x150.jpg 250w\" sizes=\"auto, (max-width: 500px) 100vw, 500px\" \/><\/a><\/p>\n<p style=\"text-align: justify;\">Campanario, martes 02 de septiembre de 2014 : A partir de las 11:30 horas se llevo a cabo la Ceremonia del 14\u00b0 Aniversario del Consultorio General Rural de Campanario, qui\u00e9n depende de la administraci\u00f3n de la Municipalidad de Yungay a trav\u00e9s del Departamento de Salud Municipal.<\/p>\n<p style=\"text-align: justify;\">La actividad estuvo encabezada por la Directora del Departamento de Saud Municipal (s) Andrea Landaeta Rojas, la alcaldesa (s) Marcia Ortiz, el Director del CESFAM Campanario, Andr\u00e9s Albornoz, Concejales, autoridades locales y p\u00fablico en general.<\/p>\n<p style=\"text-align: justify;\">En la ceremonia se realiz\u00f3 la firma protocolar y posterior corte de cinta de la implementaci\u00f3n de una nueva sala con nuevos instrumentos y equipamiento, con la m\u00e1s alta tecnolog\u00eda para realizar ex\u00e1menes y que ir\u00e1n en total beneficio de la comunidad.<\/p>\n<p style=\"text-align: justify;\">Tambi\u00e9n en la ocasi\u00f3n se realizaron reconocimientos a funcionarios por su destacada labor y servicio, adem\u00e1s se\u00f1alar que participaron alumnos del Liceo de Campanario con nuestro baile nacional y Damaris Gutierrez, qui\u00e9n realizo un n\u00famero art\u00edstico musical con la interpretaci\u00f3n de dos temas.<\/p>\n<p style=\"text-align: justify;\">Finalmente todos los presentes compartieron un c\u00f3ctel para celebrar los 14 a\u00f1os de vida del CESFAM Campanario.<\/p>\n<p style=\"text-align: justify;\">[su_button url=\u00bbhttps:\/\/www.facebook.com\/media\/set\/?set=a.916219165059790.1073742258.159561284058919&amp;type=3&amp;uploaded=68&#8243; size=\u00bb4&#8243; radius=\u00bbround\u00bb icon=\u00bbicon: camera-retro\u00bb]Fotograf\u00edas &#8211; Centro de Salud Familiar Campanario Celebr\u00f3 14 A\u00f1os de Vida[\/su_button]<\/p>\n","protected":false},"excerpt":{"rendered":"<p>Campanario, martes 02 de septiembre de 2014 : A partir de las 11:30 horas se llevo a cabo la Ceremonia del 14\u00b0 Aniversario del Consultorio General Rural de Campanario, qui\u00e9n depende de la administraci\u00f3n&#46;&#46;&#46;<\/p>\n","protected":false},"author":2,"featured_media":11547,"comment_status":"open","ping_status":"open","sticky":false,"template":"","format":"standard","meta":{"footnotes":""},"categories":[1],"tags":[31,440,1115,8,6],"class_list":["post-11546","post","type-post","status-publish","format-standard","has-post-thumbnail","hentry","category-noticias","tag-campanario","tag-cesfam","tag-noticias","tag-yungay","tag-yungayino"],"_links":{"self":[{"href":"https:\/\/www.yungayino.cl\/noticias\/index.php?rest_route=\/wp\/v2\/posts\/11546","targetHints":{"allow":["GET"]}}],"collection":[{"href":"https:\/\/www.yungayino.cl\/noticias\/index.php?rest_route=\/wp\/v2\/posts"}],"about":[{"href":"https:\/\/www.yungayino.cl\/noticias\/index.php?rest_route=\/wp\/v2\/types\/post"}],"author":[{"embeddable":true,"href":"https:\/\/www.yungayino.cl\/noticias\/index.php?rest_route=\/wp\/v2\/users\/2"}],"replies":[{"embeddable":true,"href":"https:\/\/www.yungayino.cl\/noticias\/index.php?rest_route=%2Fwp%2Fv2%2Fcomments&post=11546"}],"version-history":[{"count":1,"href":"https:\/\/www.yungayino.cl\/noticias\/index.php?rest_route=\/wp\/v2\/posts\/11546\/revisions"}],"predecessor-version":[{"id":11548,"href":"https:\/\/www.yungayino.cl\/noticias\/index.php?rest_route=\/wp\/v2\/posts\/11546\/revisions\/11548"}],"wp:featuredmedia":[{"embeddable":true,"href":"https:\/\/www.yungayino.cl\/noticias\/index.php?rest_route=\/wp\/v2\/media\/11547"}],"wp:attachment":[{"href":"https:\/\/www.yungayino.cl\/noticias\/index.php?rest_route=%2Fwp%2Fv2%2Fmedia&parent=11546"}],"wp:term":[{"taxonomy":"category","embeddable":true,"href":"https:\/\/www.yungayino.cl\/noticias\/index.php?rest_route=%2Fwp%2Fv2%2Fcategories&post=11546"},{"taxonomy":"post_tag","embeddable":true,"href":"https:\/\/www.yungayino.cl\/noticias\/index.php?rest_route=%2Fwp%2Fv2%2Ftags&post=11546"}],"curies":[{"name":"wp","href":"https:\/\/api.w.org\/{rel}","templated":true}]}}