{"id":11549,"date":"2014-09-02T20:00:48","date_gmt":"2014-09-03T00:00:48","guid":{"rendered":"http:\/\/www.yungayino.cl\/noticias\/?p=11549"},"modified":"2014-09-02T20:38:02","modified_gmt":"2014-09-03T00:38:02","slug":"yungay-celebrara-con-gran-mateada-a-los-adultos-mayores-que-pasaron-agosto-2","status":"publish","type":"post","link":"https:\/\/www.yungayino.cl\/noticias\/?p=11549","title":{"rendered":"Yungay Celebrar\u00e1 con Gran Mateada a los Adultos Mayores que \u201cPasaron Agosto\u201d"},"content":{"rendered":"<p><img loading=\"lazy\" decoding=\"async\" class=\"alignnone\" src=\"http:\/\/www.yungayino.cl\/imagenes\/mateada201109.jpg\" alt=\"\" width=\"500\" height=\"200\" \/><\/p>\n<p style=\"text-align: justify;\">Yungay, como ya es tradicional el Municipio Yungayino invita a todos los Adultos Mayores de los sectores urbano y rurales de nuestra comuna a celebrar con una <strong>\u201cGran Mateada\u201d, <\/strong>la Celebraci\u00f3n denominada \u201cPasamos Agosto\u201d, la cu\u00e1l se realizar\u00e1 este s\u00e1bado 06 de septiembre a partir de las 15:00 horas en las dependencias del Sal\u00f3n Multiuso de nuestra comuna.<\/p>\n<p style=\"text-align: justify;\">El alcalde Pedro Inostroza reiter\u00f3 a trav\u00e9s del Portal Yungayino.cl su invitaci\u00f3n para que asistan todos los adultos mayores de nuestra comuna a participar de esta actividad como un homenaje a quienes han pasado agosto y a celebrar compartiendo un show, la\u00a0tradicional bebida caliente, tortillas etc.<\/p>\n<p style=\"text-align: justify;\">Brisellle Torres Veloso, Asistente Social Encargada de las Organizaciones de Adultos Mayores Yungay inform\u00f3 que el municipio dispondr\u00e1 de locomoci\u00f3n para todos los sectores de la comuna para que as\u00ed puedan venir a disfrutar de esta tradicional celebraci\u00f3n.<\/p>\n<p style=\"text-align: justify;\"><strong>Horario Recorrido Buses Hasta Yungay:<\/strong><\/p>\n<p style=\"text-align: justify;\">CAMPANARIO\u00a0 13:30\u00a0 Horas<\/p>\n<p style=\"text-align: justify;\">PANGAL\u00a0 DEL\u00a0 LAJA\u00a0 14:00 Horas<\/p>\n<p style=\"text-align: justify;\">EL\u00a0 ROBLE &#8211; LA\u00a0 PALMA\u00a0 14:20 Horas<\/p>\n<p style=\"text-align: justify;\">EL\u00a0 CASTILLO\u00a0 14:00 Horas<\/p>\n<p style=\"text-align: justify;\">LAURELES\u00a0 14:15 Horas<\/p>\n<p style=\"text-align: justify;\">SAN\u00a0 ANTONIO\u00a0 14:20 Horas<\/p>\n<p style=\"text-align: justify;\">SAN\u00a0 MIGUEL\u00a0 DE\u00a0 SAN\u00a0 ANTONIO\u00a0 14:30 Horas<\/p>\n<p style=\"text-align: justify;\">LOS\u00a0 MAYOS\u00a0 14:40 Horas<\/p>\n<p style=\"text-align: justify;\">EL\u00a0 CARDAL\u00a0 14:50 Horas<\/p>\n<p style=\"text-align: justify;\">RANCHILLOS\u00a0 13:00 Horas<\/p>\n<p style=\"text-align: justify;\">SAN\u00a0 MIGUEL\u00a0 DE\u00a0 ITATA\u00a0 13:15Horas<\/p>\n<p style=\"text-align: justify;\">RINCONADA\u00a0 DE\u00a0 ITATA\u00a0 13:30 Horas<\/p>\n<p style=\"text-align: justify;\">PEDREGAL\u00a0 14:00 Horas<\/p>\n<p style=\"text-align: justify;\">CHOLGUAN\u00a0 NORTE\u00a0 14:20 Horas<\/p>\n<p style=\"text-align: justify;\">CHOLGUAN\u00a0 ESTACI\u00d3N\u00a0 14:30 Horas<\/p>\n<p style=\"text-align: justify;\">LOS\u00a0 NOGALES\u00a0 14:40 Horas<\/p>\n<p style=\"text-align: justify;\">LOS\u00a0 PUQUIOS\u00a0 13:30 Horas<\/p>\n<p style=\"text-align: justify;\">CURAPASO\u00a0 14:00 Horas<\/p>\n<p style=\"text-align: justify;\">PALLAHUALA &#8211; BASTIDAS\u00a0 14:30 Horas<\/p>\n<p style=\"text-align: justify;\">\n","protected":false},"excerpt":{"rendered":"<p>Yungay, como ya es tradicional el Municipio Yungayino invita a todos los Adultos Mayores de los sectores urbano y rurales de nuestra comuna a celebrar con una \u201cGran Mateada\u201d, la Celebraci\u00f3n denominada \u201cPasamos Agosto\u201d,&#46;&#46;&#46;<\/p>\n","protected":false},"author":2,"featured_media":16581,"comment_status":"open","ping_status":"open","sticky":false,"template":"","format":"standard","meta":{"footnotes":""},"categories":[1],"tags":[415,1115,8,6],"class_list":["post-11549","post","type-post","status-publish","format-standard","has-post-thumbnail","hentry","category-noticias","tag-mateada","tag-noticias","tag-yungay","tag-yungayino"],"_links":{"self":[{"href":"https:\/\/www.yungayino.cl\/noticias\/index.php?rest_route=\/wp\/v2\/posts\/11549","targetHints":{"allow":["GET"]}}],"collection":[{"href":"https:\/\/www.yungayino.cl\/noticias\/index.php?rest_route=\/wp\/v2\/posts"}],"about":[{"href":"https:\/\/www.yungayino.cl\/noticias\/index.php?rest_route=\/wp\/v2\/types\/post"}],"author":[{"embeddable":true,"href":"https:\/\/www.yungayino.cl\/noticias\/index.php?rest_route=\/wp\/v2\/users\/2"}],"replies":[{"embeddable":true,"href":"https:\/\/www.yungayino.cl\/noticias\/index.php?rest_route=%2Fwp%2Fv2%2Fcomments&post=11549"}],"version-history":[{"count":4,"href":"https:\/\/www.yungayino.cl\/noticias\/index.php?rest_route=\/wp\/v2\/posts\/11549\/revisions"}],"predecessor-version":[{"id":11553,"href":"https:\/\/www.yungayino.cl\/noticias\/index.php?rest_route=\/wp\/v2\/posts\/11549\/revisions\/11553"}],"wp:featuredmedia":[{"embeddable":true,"href":"https:\/\/www.yungayino.cl\/noticias\/index.php?rest_route=\/wp\/v2\/media\/16581"}],"wp:attachment":[{"href":"https:\/\/www.yungayino.cl\/noticias\/index.php?rest_route=%2Fwp%2Fv2%2Fmedia&parent=11549"}],"wp:term":[{"taxonomy":"category","embeddable":true,"href":"https:\/\/www.yungayino.cl\/noticias\/index.php?rest_route=%2Fwp%2Fv2%2Fcategories&post=11549"},{"taxonomy":"post_tag","embeddable":true,"href":"https:\/\/www.yungayino.cl\/noticias\/index.php?rest_route=%2Fwp%2Fv2%2Ftags&post=11549"}],"curies":[{"name":"wp","href":"https:\/\/api.w.org\/{rel}","templated":true}]}}