{"id":11564,"date":"2014-09-03T21:00:16","date_gmt":"2014-09-04T01:00:16","guid":{"rendered":"http:\/\/www.yungayino.cl\/noticias\/?p=11564"},"modified":"2014-09-03T21:15:11","modified_gmt":"2014-09-04T01:15:11","slug":"internos-del-centro-detencion-preventiva-de-yungay-participaron-en-concurso-de-pintura-organizado-por-el-daem","status":"publish","type":"post","link":"https:\/\/www.yungayino.cl\/noticias\/?p=11564","title":{"rendered":"Internos del Centro Detenci\u00f3n Preventiva de Yungay Participaron en Concurso de Pintura Organizado por el DAEM"},"content":{"rendered":"<p><a href=\"http:\/\/www.yungayino.cl\/noticias\/wp-content\/uploads\/2014\/09\/pintura_carcel_2014.jpg\"><img loading=\"lazy\" decoding=\"async\" class=\"alignnone size-full wp-image-11557\" src=\"http:\/\/www.yungayino.cl\/noticias\/wp-content\/uploads\/2014\/09\/pintura_carcel_2014.jpg\" alt=\"pintura_carcel_2014\" width=\"500\" height=\"300\" srcset=\"https:\/\/www.yungayino.cl\/noticias\/wp-content\/uploads\/2014\/09\/pintura_carcel_2014.jpg 500w, https:\/\/www.yungayino.cl\/noticias\/wp-content\/uploads\/2014\/09\/pintura_carcel_2014-300x180.jpg 300w, https:\/\/www.yungayino.cl\/noticias\/wp-content\/uploads\/2014\/09\/pintura_carcel_2014-250x150.jpg 250w\" sizes=\"auto, (max-width: 500px) 100vw, 500px\" \/><\/a><\/p>\n<p style=\"text-align: justify;\">Yungay, mi\u00e9rcoles 03 de septiembre 2014: Internos del Centro Detenci\u00f3n Preventiva de nuestra comuna participaron activamente del Concurso de Pintura en alusi\u00f3n al <strong>\u201cMes de la Monta\u00f1a\u201d,<\/strong> Organizado por el Departamento de Educaci\u00f3n Municipal (DAEM) y Patrocinada por la Ilustre Municipalidad de Yungay.<\/p>\n<p style=\"text-align: justify;\">La actividad se inicio a las 11:00 horas con una ceremonia, la cual fue encabezada por la Jefa DAEM, Eugenia L\u00f3pez, la Jefa de Unidad T\u00e9cnica Comunal, Cecilia Zepeda, el Coordinador Comunal Extraescolar DAEM, C\u00e9sar Araya, el Capit\u00e1n de Gendarmer\u00eda Rodrigo Sol\u00eds, la Gendarme Rosa Pardo, la concejal Juana Sandoval y el Profesor Marco Neira, quienes tambi\u00e9n pudieron disfrutar de la poes\u00eda y la m\u00fasica presentada por los internos.<\/p>\n<p style=\"text-align: justify;\">Eugenia L\u00f3pez, se\u00f1alo a los presentes que esta actividad es realizada por el DAEM como una iniciativa muy significativa de apoyo para la educaci\u00f3n de los internos y adem\u00e1s indic\u00f3 que seguir\u00e1n realizando este tipo de actividades para apoyar la escuela carcelaria.<\/p>\n<p style=\"text-align: justify;\">Finalmente el jurado eligi\u00f3 a los 3 ganadores de este concurso donde se les hizo entrega de un regalo, adem\u00e1s de un diploma para todos los participantes.<\/p>\n<p style=\"text-align: justify;\">\u00a01\u00b0 Lugar: Sergio Orellana<\/p>\n<p style=\"text-align: justify;\">2\u00b0 Lugar: Pedro Morales<\/p>\n<p style=\"text-align: justify;\">3\u00b0 Lugar: Miguel Villaman<\/p>\n<p style=\"text-align: justify;\">[su_button url=\u00bbhttps:\/\/www.facebook.com\/media\/set\/?set=a.916864324995274.1073742261.159561284058919&amp;type=3&amp;uploaded=41&#8243; size=\u00bb4&#8243; radius=\u00bbround\u00bb icon=\u00bbicon: camera-retro\u00bb]Fotograf\u00edas &#8211; Internos del Centro Detenci\u00f3n Preventiva de Yungay Participaron en Concurso de Pintura Organizado por el DAEM[\/su_button]<\/p>\n","protected":false},"excerpt":{"rendered":"<p>Yungay, mi\u00e9rcoles 03 de septiembre 2014: Internos del Centro Detenci\u00f3n Preventiva de nuestra comuna participaron activamente del Concurso de Pintura en alusi\u00f3n al \u201cMes de la Monta\u00f1a\u201d, Organizado por el Departamento de Educaci\u00f3n Municipal&#46;&#46;&#46;<\/p>\n","protected":false},"author":2,"featured_media":11557,"comment_status":"open","ping_status":"open","sticky":false,"template":"","format":"standard","meta":{"footnotes":""},"categories":[1],"tags":[375,528,1115,8,6],"class_list":["post-11564","post","type-post","status-publish","format-standard","has-post-thumbnail","hentry","category-noticias","tag-concurso-pintura","tag-fiestas-patrias","tag-noticias","tag-yungay","tag-yungayino"],"_links":{"self":[{"href":"https:\/\/www.yungayino.cl\/noticias\/index.php?rest_route=\/wp\/v2\/posts\/11564","targetHints":{"allow":["GET"]}}],"collection":[{"href":"https:\/\/www.yungayino.cl\/noticias\/index.php?rest_route=\/wp\/v2\/posts"}],"about":[{"href":"https:\/\/www.yungayino.cl\/noticias\/index.php?rest_route=\/wp\/v2\/types\/post"}],"author":[{"embeddable":true,"href":"https:\/\/www.yungayino.cl\/noticias\/index.php?rest_route=\/wp\/v2\/users\/2"}],"replies":[{"embeddable":true,"href":"https:\/\/www.yungayino.cl\/noticias\/index.php?rest_route=%2Fwp%2Fv2%2Fcomments&post=11564"}],"version-history":[{"count":2,"href":"https:\/\/www.yungayino.cl\/noticias\/index.php?rest_route=\/wp\/v2\/posts\/11564\/revisions"}],"predecessor-version":[{"id":11566,"href":"https:\/\/www.yungayino.cl\/noticias\/index.php?rest_route=\/wp\/v2\/posts\/11564\/revisions\/11566"}],"wp:featuredmedia":[{"embeddable":true,"href":"https:\/\/www.yungayino.cl\/noticias\/index.php?rest_route=\/wp\/v2\/media\/11557"}],"wp:attachment":[{"href":"https:\/\/www.yungayino.cl\/noticias\/index.php?rest_route=%2Fwp%2Fv2%2Fmedia&parent=11564"}],"wp:term":[{"taxonomy":"category","embeddable":true,"href":"https:\/\/www.yungayino.cl\/noticias\/index.php?rest_route=%2Fwp%2Fv2%2Fcategories&post=11564"},{"taxonomy":"post_tag","embeddable":true,"href":"https:\/\/www.yungayino.cl\/noticias\/index.php?rest_route=%2Fwp%2Fv2%2Ftags&post=11564"}],"curies":[{"name":"wp","href":"https:\/\/api.w.org\/{rel}","templated":true}]}}