{"id":11577,"date":"2014-09-08T15:00:15","date_gmt":"2014-09-08T19:00:15","guid":{"rendered":"http:\/\/www.yungayino.cl\/noticias\/?p=11577"},"modified":"2014-09-08T19:01:38","modified_gmt":"2014-09-08T23:01:38","slug":"con-gran-mateada-los-adultos-mayores-yungayinos-festejaron-pasaron-agosto","status":"publish","type":"post","link":"https:\/\/www.yungayino.cl\/noticias\/?p=11577","title":{"rendered":"Con Gran Mateada los Adultos Mayores Yungayinos Festejaron \u201cPasaron Agosto\u201d"},"content":{"rendered":"<p><a href=\"http:\/\/www.yungayino.cl\/noticias\/wp-content\/uploads\/2014\/09\/mateada_fiestaspatrias2014.jpg\"><img loading=\"lazy\" decoding=\"async\" class=\"alignnone size-full wp-image-11578\" src=\"http:\/\/www.yungayino.cl\/noticias\/wp-content\/uploads\/2014\/09\/mateada_fiestaspatrias2014.jpg\" alt=\"mateada_fiestaspatrias2014\" width=\"500\" height=\"300\" srcset=\"https:\/\/www.yungayino.cl\/noticias\/wp-content\/uploads\/2014\/09\/mateada_fiestaspatrias2014.jpg 500w, https:\/\/www.yungayino.cl\/noticias\/wp-content\/uploads\/2014\/09\/mateada_fiestaspatrias2014-300x180.jpg 300w, https:\/\/www.yungayino.cl\/noticias\/wp-content\/uploads\/2014\/09\/mateada_fiestaspatrias2014-250x150.jpg 250w\" sizes=\"auto, (max-width: 500px) 100vw, 500px\" \/><\/a><\/p>\n<p style=\"text-align: justify;\">Yungay, s\u00e1bado 06 de septiembre: Como ya es tradicional el Municipio Yungayino realiz\u00f3 una gran mateada para todos los adultos mayores de la comuna, la cu\u00e1l cont\u00f3 con la presencia del alcalde Pedro Inostroza, la Jefa Dideco Marcia Ortiz, los concejales Ang\u00e9lica Cabezas y Juan Quezada.<\/p>\n<p style=\"text-align: justify;\">La fiesta comenz\u00f3 a las 16:00 horas en el Gimnasio Multiuso bajo la animaci\u00f3n del cantante chillanejo Robin Rosales, quien hizo bailar y disfrutar en todo momento y como en sus mejores \u00e9pocas a los adultos presentes. Tambi\u00e9n en la ocasi\u00f3n se comparti\u00f3 la tradicional bebida caliente \u201cel mate\u201d acompa\u00f1ados de tortillas, sopaipillas, pajaritos, chancho en piedra, etc.<\/p>\n<p style=\"text-align: justify;\">Destacar la buena atenci\u00f3n por parte de los funcionarios municipales, qui\u00e9nes estuvieron en todo momento pendiente de los adultos, para luego tambi\u00e9n entregarles globos y cotill\u00f3n, lo que gener\u00f3 que la fiesta se prolongara.<\/p>\n<p style=\"text-align: justify;\">El edil de la comuna Pedro Inostroza manifest\u00f3 al Portal Yungayino.cl, su satisfacci\u00f3n y alegr\u00eda por el gran marco de p\u00fablico que asisti\u00f3 y que disfrut\u00f3 de una tarde muy agradable para decirle \u201cchao agosto\u201d y que adem\u00e1s se cumpli\u00f3 con la finalidad, que todos los asistentes tuviera un momento de distracci\u00f3n y felicidad.<\/p>\n<p style=\"text-align: justify;\">Finalmente y despu\u00e9s de casi tres horas de fiesta los adultos retornaron a sus respectivos hogares ubicados en los distintos puntos de la comuna, para lo cu\u00e1l el municipio tambi\u00e9n dispuso locomoci\u00f3n.<\/p>\n<p style=\"text-align: justify;\"><strong>[su_button url=\u00bbhttps:\/\/www.facebook.com\/media\/set\/?set=a.919683684713338.1073742263.159561284058919&amp;type=3&amp;uploaded=112&#8243; size=\u00bb4&#8243; radius=\u00bbround\u00bb icon=\u00bbicon: camera-retro\u00bb]Fotograf\u00edas &#8211; Con Gran Mateada los Adultos Mayores Yungayinos Festejaron \u201cPasaron Agosto\u201d[\/su_button]<\/strong><\/p>\n","protected":false},"excerpt":{"rendered":"<p>Yungay, s\u00e1bado 06 de septiembre: Como ya es tradicional el Municipio Yungayino realiz\u00f3 una gran mateada para todos los adultos mayores de la comuna, la cu\u00e1l cont\u00f3 con la presencia del alcalde Pedro Inostroza,&#46;&#46;&#46;<\/p>\n","protected":false},"author":2,"featured_media":11578,"comment_status":"open","ping_status":"open","sticky":false,"template":"","format":"standard","meta":{"footnotes":""},"categories":[5,1],"tags":[927,415,1115,8,6],"class_list":["post-11577","post","type-post","status-publish","format-standard","has-post-thumbnail","hentry","category-eventos","category-noticias","tag-fiestas-patrias-2014","tag-mateada","tag-noticias","tag-yungay","tag-yungayino"],"_links":{"self":[{"href":"https:\/\/www.yungayino.cl\/noticias\/index.php?rest_route=\/wp\/v2\/posts\/11577","targetHints":{"allow":["GET"]}}],"collection":[{"href":"https:\/\/www.yungayino.cl\/noticias\/index.php?rest_route=\/wp\/v2\/posts"}],"about":[{"href":"https:\/\/www.yungayino.cl\/noticias\/index.php?rest_route=\/wp\/v2\/types\/post"}],"author":[{"embeddable":true,"href":"https:\/\/www.yungayino.cl\/noticias\/index.php?rest_route=\/wp\/v2\/users\/2"}],"replies":[{"embeddable":true,"href":"https:\/\/www.yungayino.cl\/noticias\/index.php?rest_route=%2Fwp%2Fv2%2Fcomments&post=11577"}],"version-history":[{"count":1,"href":"https:\/\/www.yungayino.cl\/noticias\/index.php?rest_route=\/wp\/v2\/posts\/11577\/revisions"}],"predecessor-version":[{"id":11579,"href":"https:\/\/www.yungayino.cl\/noticias\/index.php?rest_route=\/wp\/v2\/posts\/11577\/revisions\/11579"}],"wp:featuredmedia":[{"embeddable":true,"href":"https:\/\/www.yungayino.cl\/noticias\/index.php?rest_route=\/wp\/v2\/media\/11578"}],"wp:attachment":[{"href":"https:\/\/www.yungayino.cl\/noticias\/index.php?rest_route=%2Fwp%2Fv2%2Fmedia&parent=11577"}],"wp:term":[{"taxonomy":"category","embeddable":true,"href":"https:\/\/www.yungayino.cl\/noticias\/index.php?rest_route=%2Fwp%2Fv2%2Fcategories&post=11577"},{"taxonomy":"post_tag","embeddable":true,"href":"https:\/\/www.yungayino.cl\/noticias\/index.php?rest_route=%2Fwp%2Fv2%2Ftags&post=11577"}],"curies":[{"name":"wp","href":"https:\/\/api.w.org\/{rel}","templated":true}]}}