{"id":11617,"date":"2014-09-14T13:00:42","date_gmt":"2014-09-14T17:00:42","guid":{"rendered":"http:\/\/www.yungayino.cl\/noticias\/?p=11617"},"modified":"2014-10-08T21:33:04","modified_gmt":"2014-10-09T01:33:04","slug":"colegio-nueva-esperanza-realizo-acto-de-fiesta-patrias-2014","status":"publish","type":"post","link":"https:\/\/www.yungayino.cl\/noticias\/?p=11617","title":{"rendered":"Colegio Nueva Esperanza Realiz\u00f3 Acto de Fiesta Patrias 2014"},"content":{"rendered":"<p><a href=\"http:\/\/www.yungayino.cl\/noticias\/wp-content\/uploads\/2014\/09\/colegionuevaesperanza_fiestaspatrias2014.jpg\"><img loading=\"lazy\" decoding=\"async\" class=\"alignnone size-full wp-image-11627\" src=\"http:\/\/www.yungayino.cl\/noticias\/wp-content\/uploads\/2014\/09\/colegionuevaesperanza_fiestaspatrias2014.jpg\" alt=\"colegionuevaesperanza_fiestaspatrias2014\" width=\"500\" height=\"300\" srcset=\"https:\/\/www.yungayino.cl\/noticias\/wp-content\/uploads\/2014\/09\/colegionuevaesperanza_fiestaspatrias2014.jpg 500w, https:\/\/www.yungayino.cl\/noticias\/wp-content\/uploads\/2014\/09\/colegionuevaesperanza_fiestaspatrias2014-300x180.jpg 300w, https:\/\/www.yungayino.cl\/noticias\/wp-content\/uploads\/2014\/09\/colegionuevaesperanza_fiestaspatrias2014-250x150.jpg 250w\" sizes=\"auto, (max-width: 500px) 100vw, 500px\" \/><\/a><\/p>\n<p style=\"text-align: justify;\">Yungay, como ya es tradicional la comunidad escolar del Colegio Nueva Esperanza realiz\u00f3 un acto con motivo de un aniversario m\u00e1s de nuestra patria.<\/p>\n<p style=\"text-align: justify;\">La actividad de alto valor c\u00edvico para la formaci\u00f3n de los estudiantes cont\u00f3 con la presencia de sus apoderados, docentes, alumnos y la comunidad educativa en general.<\/p>\n<p style=\"text-align: justify;\">En la ocasi\u00f3n los escolares realizaron diferentes presentaciones las que se desarrollaron en el patio del establecimiento y donde se destacaron los Talleres de Danzas y las graciosas payas, lo que dejo en evidencia el talento de los ni\u00f1os y que se coron\u00f3 con el afectuoso aplauso del p\u00fablico asistente.<\/p>\n<p style=\"text-align: justify;\">Finalmente terminado el acto, los diferentes cursos celebraron en sus fondas especialmente preparadas para la ocasi\u00f3n por los apoderados y as\u00ed compartir un momento de alegr\u00eda en el inicio de estas Fiestas Patrias 2014.<\/p>\n<p style=\"text-align: justify;\">[su_button url=\u00bbhttps:\/\/www.facebook.com\/nuevaesperanzayungay\/media_set?set=a.10201818675867484.1073741908.1799958013&amp;type=3&#8243; size=\u00bb4&#8243; radius=\u00bbround\u00bb icon=\u00bbicon: camera-retro\u00bb]Fotograf\u00edas &#8211; Colegio Nueva Esperanza Realiz\u00f3 Acto de Fiesta Patrias 2014[\/su_button]<\/p>\n","protected":false},"excerpt":{"rendered":"<p>Yungay, como ya es tradicional la comunidad escolar del Colegio Nueva Esperanza realiz\u00f3 un acto con motivo de un aniversario m\u00e1s de nuestra patria. La actividad de alto valor c\u00edvico para la formaci\u00f3n de&#46;&#46;&#46;<\/p>\n","protected":false},"author":2,"featured_media":11627,"comment_status":"open","ping_status":"open","sticky":false,"template":"","format":"standard","meta":{"footnotes":""},"categories":[1],"tags":[320,1115,8,6],"class_list":["post-11617","post","type-post","status-publish","format-standard","has-post-thumbnail","hentry","category-noticias","tag-colegio-nueva-esperanza","tag-noticias","tag-yungay","tag-yungayino"],"_links":{"self":[{"href":"https:\/\/www.yungayino.cl\/noticias\/index.php?rest_route=\/wp\/v2\/posts\/11617","targetHints":{"allow":["GET"]}}],"collection":[{"href":"https:\/\/www.yungayino.cl\/noticias\/index.php?rest_route=\/wp\/v2\/posts"}],"about":[{"href":"https:\/\/www.yungayino.cl\/noticias\/index.php?rest_route=\/wp\/v2\/types\/post"}],"author":[{"embeddable":true,"href":"https:\/\/www.yungayino.cl\/noticias\/index.php?rest_route=\/wp\/v2\/users\/2"}],"replies":[{"embeddable":true,"href":"https:\/\/www.yungayino.cl\/noticias\/index.php?rest_route=%2Fwp%2Fv2%2Fcomments&post=11617"}],"version-history":[{"count":4,"href":"https:\/\/www.yungayino.cl\/noticias\/index.php?rest_route=\/wp\/v2\/posts\/11617\/revisions"}],"predecessor-version":[{"id":11628,"href":"https:\/\/www.yungayino.cl\/noticias\/index.php?rest_route=\/wp\/v2\/posts\/11617\/revisions\/11628"}],"wp:featuredmedia":[{"embeddable":true,"href":"https:\/\/www.yungayino.cl\/noticias\/index.php?rest_route=\/wp\/v2\/media\/11627"}],"wp:attachment":[{"href":"https:\/\/www.yungayino.cl\/noticias\/index.php?rest_route=%2Fwp%2Fv2%2Fmedia&parent=11617"}],"wp:term":[{"taxonomy":"category","embeddable":true,"href":"https:\/\/www.yungayino.cl\/noticias\/index.php?rest_route=%2Fwp%2Fv2%2Fcategories&post=11617"},{"taxonomy":"post_tag","embeddable":true,"href":"https:\/\/www.yungayino.cl\/noticias\/index.php?rest_route=%2Fwp%2Fv2%2Ftags&post=11617"}],"curies":[{"name":"wp","href":"https:\/\/api.w.org\/{rel}","templated":true}]}}