{"id":11621,"date":"2014-09-14T14:00:22","date_gmt":"2014-09-14T18:00:22","guid":{"rendered":"http:\/\/www.yungayino.cl\/noticias\/?p=11621"},"modified":"2014-09-14T14:34:08","modified_gmt":"2014-09-14T18:34:08","slug":"liceo-tecnico-profesional-de-campanario-realizo-v-muestra-gastronomica-campesina","status":"publish","type":"post","link":"https:\/\/www.yungayino.cl\/noticias\/?p=11621","title":{"rendered":"Liceo T\u00e9cnico Profesional de Campanario Realiz\u00f3 \u201cV Muestra Gastron\u00f3mica Campesina\u201d"},"content":{"rendered":"<p><a href=\"http:\/\/www.yungayino.cl\/noticias\/wp-content\/uploads\/2014\/09\/muestra_campanario2014.jpg\"><img loading=\"lazy\" decoding=\"async\" class=\"alignnone size-full wp-image-11618\" src=\"http:\/\/www.yungayino.cl\/noticias\/wp-content\/uploads\/2014\/09\/muestra_campanario2014.jpg\" alt=\"muestra_campanario2014\" width=\"500\" height=\"300\" srcset=\"https:\/\/www.yungayino.cl\/noticias\/wp-content\/uploads\/2014\/09\/muestra_campanario2014.jpg 500w, https:\/\/www.yungayino.cl\/noticias\/wp-content\/uploads\/2014\/09\/muestra_campanario2014-300x180.jpg 300w, https:\/\/www.yungayino.cl\/noticias\/wp-content\/uploads\/2014\/09\/muestra_campanario2014-250x150.jpg 250w\" sizes=\"auto, (max-width: 500px) 100vw, 500px\" \/><\/a><\/p>\n<p style=\"text-align: justify;\">Campanario, viernes 13 de septiembre 2014: En las dependencias del Liceo T\u00e9cnico Profesional de Campanario se realiz\u00f3 la <strong>\u201cV Muestra Gastron\u00f3mica Campesina\u201d, <\/strong>la cu\u00e1l cont\u00f3 con la asistencia del alcalde Pedro Inostroza Valenzuela, la Jefa DAEM, Eugenia L\u00f3pez, la Directora Carmen Panes, concejales, autoridades locales y p\u00fablico en general.<\/p>\n<p style=\"text-align: justify;\">Diversos fueron los n\u00fameros art\u00edsticos que hicieron alusi\u00f3n a estas Fiestas Patrias 2014, ocasi\u00f3n en la que los alumnos ofrecieron a los asistentes, presentaciones que dieron cuenta de los grandes dotes con que cuentan los estudiantes del Liceo T\u00e9cnico Profesional de Campanario.<\/p>\n<p style=\"text-align: justify;\">Como es tradicional tambi\u00e9n se realiz\u00f3 el corte cinta lo que dio por inaugurada la muestra gastron\u00f3mica t\u00edpica de estas fiestas, actividad en la que particip\u00f3 con gran entusiasmo toda esta comunidad educativa.<\/p>\n<p style=\"text-align: justify;\">Finalmente el alcalde Pedro Inostroza manifest\u00f3 al Portal Yungayino.cl sentirse orgulloso de esta actividad, porque es una forma real de unir a toda la comunidad de Campanario y Yungay y reiter\u00f3 sus felicitaciones a toda la comunidad escolar por esta hermosa muestra que cada a\u00f1o va creciendo m\u00e1s.<\/p>\n<p style=\"text-align: justify;\">\n<p style=\"text-align: justify;\">[su_button url=\u00bbhttps:\/\/www.facebook.com\/media\/set\/?set=a.922613614420345.1073742270.159561284058919&amp;type=3&amp;uploaded=103&#8243; size=\u00bb4&#8243; radius=\u00bbround\u00bb icon=\u00bbicon: camera-retro\u00bb]Fotograf\u00edas &#8211; Liceo T\u00e9cnico Profesional de Campanario Realiz\u00f3 \u201cV Muestra Gastron\u00f3mica Campesina\u201d[\/su_button]<\/p>\n","protected":false},"excerpt":{"rendered":"<p>Campanario, viernes 13 de septiembre 2014: En las dependencias del Liceo T\u00e9cnico Profesional de Campanario se realiz\u00f3 la \u201cV Muestra Gastron\u00f3mica Campesina\u201d, la cu\u00e1l cont\u00f3 con la asistencia del alcalde Pedro Inostroza Valenzuela, la&#46;&#46;&#46;<\/p>\n","protected":false},"author":2,"featured_media":11618,"comment_status":"open","ping_status":"open","sticky":false,"template":"","format":"standard","meta":{"footnotes":""},"categories":[1],"tags":[31,771,418,1115,8,6],"class_list":["post-11621","post","type-post","status-publish","format-standard","has-post-thumbnail","hentry","category-noticias","tag-campanario","tag-liceo-campanario","tag-muestra-gastronomica","tag-noticias","tag-yungay","tag-yungayino"],"_links":{"self":[{"href":"https:\/\/www.yungayino.cl\/noticias\/index.php?rest_route=\/wp\/v2\/posts\/11621","targetHints":{"allow":["GET"]}}],"collection":[{"href":"https:\/\/www.yungayino.cl\/noticias\/index.php?rest_route=\/wp\/v2\/posts"}],"about":[{"href":"https:\/\/www.yungayino.cl\/noticias\/index.php?rest_route=\/wp\/v2\/types\/post"}],"author":[{"embeddable":true,"href":"https:\/\/www.yungayino.cl\/noticias\/index.php?rest_route=\/wp\/v2\/users\/2"}],"replies":[{"embeddable":true,"href":"https:\/\/www.yungayino.cl\/noticias\/index.php?rest_route=%2Fwp%2Fv2%2Fcomments&post=11621"}],"version-history":[{"count":3,"href":"https:\/\/www.yungayino.cl\/noticias\/index.php?rest_route=\/wp\/v2\/posts\/11621\/revisions"}],"predecessor-version":[{"id":11624,"href":"https:\/\/www.yungayino.cl\/noticias\/index.php?rest_route=\/wp\/v2\/posts\/11621\/revisions\/11624"}],"wp:featuredmedia":[{"embeddable":true,"href":"https:\/\/www.yungayino.cl\/noticias\/index.php?rest_route=\/wp\/v2\/media\/11618"}],"wp:attachment":[{"href":"https:\/\/www.yungayino.cl\/noticias\/index.php?rest_route=%2Fwp%2Fv2%2Fmedia&parent=11621"}],"wp:term":[{"taxonomy":"category","embeddable":true,"href":"https:\/\/www.yungayino.cl\/noticias\/index.php?rest_route=%2Fwp%2Fv2%2Fcategories&post=11621"},{"taxonomy":"post_tag","embeddable":true,"href":"https:\/\/www.yungayino.cl\/noticias\/index.php?rest_route=%2Fwp%2Fv2%2Ftags&post=11621"}],"curies":[{"name":"wp","href":"https:\/\/api.w.org\/{rel}","templated":true}]}}