{"id":11630,"date":"2014-09-15T23:00:30","date_gmt":"2014-09-16T03:00:30","guid":{"rendered":"http:\/\/www.yungayino.cl\/noticias\/?p=11630"},"modified":"2014-09-16T10:37:51","modified_gmt":"2014-09-16T14:37:51","slug":"servicio-de-accion-de-gracias-evangelico-se-realizo-en-yungay-con-motivo-de-fiestas-patrias-2014","status":"publish","type":"post","link":"https:\/\/www.yungayino.cl\/noticias\/?p=11630","title":{"rendered":"Servicio de Acci\u00f3n de Gracias Evang\u00e9lico se Realiz\u00f3 en Yungay con Motivo de Fiestas Patrias 2014"},"content":{"rendered":"<p><a href=\"http:\/\/www.yungayino.cl\/noticias\/wp-content\/uploads\/2014\/09\/tedeumevangelico2014.jpg\"><img loading=\"lazy\" decoding=\"async\" class=\"alignnone size-full wp-image-11631\" src=\"http:\/\/www.yungayino.cl\/noticias\/wp-content\/uploads\/2014\/09\/tedeumevangelico2014.jpg\" alt=\"tedeumevangelico2014\" width=\"500\" height=\"300\" srcset=\"https:\/\/www.yungayino.cl\/noticias\/wp-content\/uploads\/2014\/09\/tedeumevangelico2014.jpg 500w, https:\/\/www.yungayino.cl\/noticias\/wp-content\/uploads\/2014\/09\/tedeumevangelico2014-300x180.jpg 300w, https:\/\/www.yungayino.cl\/noticias\/wp-content\/uploads\/2014\/09\/tedeumevangelico2014-250x150.jpg 250w\" sizes=\"auto, (max-width: 500px) 100vw, 500px\" \/><\/a><\/p>\n<p style=\"text-align: justify;\">Yungay, este domingo 14 de septiembre 2014 a partir de las 10:00 horas se realiz\u00f3 el Servicio de Acci\u00f3n de Gracias Evang\u00e9lico comunal en el Templo La Ca\u00f1ada.<\/p>\n<p style=\"text-align: justify;\">En un culto realizado para celebrar por un a\u00f1o m\u00e1s de nuestra patria y \u201corar por nuestra naci\u00f3n y sus autoridades\u201d, adem\u00e1s en la ocasi\u00f3n tambi\u00e9n se efectuaron un conjunto de oraciones de acci\u00f3n de gracias, por la comuna y su comunidad.<\/p>\n<p style=\"text-align: justify;\">Al oficio religioso asisti\u00f3 el Alcalde Pedro Inostroza Valenzuela, Concejales, Pastores de las diversas Iglesias de la comuna y autoridades locales.<\/p>\n<p style=\"text-align: justify;\">Se\u00f1alar que las pr\u00e9dicas, canciones y alabanzas fueron acompa\u00f1adas durante toda la ceremonia por el Coro Instrumental.<\/p>\n<p style=\"text-align: justify;\">Finalmente terminada la actividad, la comunidad evang\u00e9lica hizo entrega de un presente a la primera autoridad comunal, qui\u00e9n agradeci\u00f3 y se\u00f1alo que siempre ha participado en esta hermosa ceremonia y o\u00edr los mensajes de los diferentes pastores de nuestra comuna.<\/p>\n<p style=\"text-align: justify;\">[su_button url=\u00bbhttps:\/\/www.facebook.com\/media\/set\/?set=a.923615664320140.1073742271.159561284058919&amp;type=1&#8243; size=\u00bb4&#8243; radius=\u00bbround\u00bb icon=\u00bbicon: camera-retro\u00bb]Fotograf\u00edas &#8211; Servicio de Acci\u00f3n de Gracias Evang\u00e9lico se Realiz\u00f3 en Yungay con Motivo de Fiestas Patrias 2014[\/su_button]<\/p>\n","protected":false},"excerpt":{"rendered":"<p>Yungay, este domingo 14 de septiembre 2014 a partir de las 10:00 horas se realiz\u00f3 el Servicio de Acci\u00f3n de Gracias Evang\u00e9lico comunal en el Templo La Ca\u00f1ada. En un culto realizado para celebrar&#46;&#46;&#46;<\/p>\n","protected":false},"author":2,"featured_media":11631,"comment_status":"open","ping_status":"open","sticky":false,"template":"","format":"standard","meta":{"footnotes":""},"categories":[1],"tags":[927,1115,939,8,6],"class_list":["post-11630","post","type-post","status-publish","format-standard","has-post-thumbnail","hentry","category-noticias","tag-fiestas-patrias-2014","tag-noticias","tag-servicio-de-accion-de-gracias","tag-yungay","tag-yungayino"],"_links":{"self":[{"href":"https:\/\/www.yungayino.cl\/noticias\/index.php?rest_route=\/wp\/v2\/posts\/11630","targetHints":{"allow":["GET"]}}],"collection":[{"href":"https:\/\/www.yungayino.cl\/noticias\/index.php?rest_route=\/wp\/v2\/posts"}],"about":[{"href":"https:\/\/www.yungayino.cl\/noticias\/index.php?rest_route=\/wp\/v2\/types\/post"}],"author":[{"embeddable":true,"href":"https:\/\/www.yungayino.cl\/noticias\/index.php?rest_route=\/wp\/v2\/users\/2"}],"replies":[{"embeddable":true,"href":"https:\/\/www.yungayino.cl\/noticias\/index.php?rest_route=%2Fwp%2Fv2%2Fcomments&post=11630"}],"version-history":[{"count":2,"href":"https:\/\/www.yungayino.cl\/noticias\/index.php?rest_route=\/wp\/v2\/posts\/11630\/revisions"}],"predecessor-version":[{"id":11635,"href":"https:\/\/www.yungayino.cl\/noticias\/index.php?rest_route=\/wp\/v2\/posts\/11630\/revisions\/11635"}],"wp:featuredmedia":[{"embeddable":true,"href":"https:\/\/www.yungayino.cl\/noticias\/index.php?rest_route=\/wp\/v2\/media\/11631"}],"wp:attachment":[{"href":"https:\/\/www.yungayino.cl\/noticias\/index.php?rest_route=%2Fwp%2Fv2%2Fmedia&parent=11630"}],"wp:term":[{"taxonomy":"category","embeddable":true,"href":"https:\/\/www.yungayino.cl\/noticias\/index.php?rest_route=%2Fwp%2Fv2%2Fcategories&post=11630"},{"taxonomy":"post_tag","embeddable":true,"href":"https:\/\/www.yungayino.cl\/noticias\/index.php?rest_route=%2Fwp%2Fv2%2Ftags&post=11630"}],"curies":[{"name":"wp","href":"https:\/\/api.w.org\/{rel}","templated":true}]}}