{"id":11643,"date":"2014-09-16T11:00:33","date_gmt":"2014-09-16T15:00:33","guid":{"rendered":"http:\/\/www.yungayino.cl\/noticias\/?p=11643"},"modified":"2014-09-17T11:17:33","modified_gmt":"2014-09-17T15:17:33","slug":"fonderos-de-yungay-se-preparan-para-fiestas-patrias-2014","status":"publish","type":"post","link":"https:\/\/www.yungayino.cl\/noticias\/?p=11643","title":{"rendered":"Fonderos de Yungay se Preparan Para Fiestas Patrias 2014"},"content":{"rendered":"<p><a href=\"http:\/\/www.yungayino.cl\/noticias\/wp-content\/uploads\/2014\/09\/fonderos20140916.jpg\"><img loading=\"lazy\" decoding=\"async\" class=\"alignnone size-full wp-image-11644\" src=\"http:\/\/www.yungayino.cl\/noticias\/wp-content\/uploads\/2014\/09\/fonderos20140916.jpg\" alt=\"fonderos20140916\" width=\"500\" height=\"300\" srcset=\"https:\/\/www.yungayino.cl\/noticias\/wp-content\/uploads\/2014\/09\/fonderos20140916.jpg 500w, https:\/\/www.yungayino.cl\/noticias\/wp-content\/uploads\/2014\/09\/fonderos20140916-300x180.jpg 300w, https:\/\/www.yungayino.cl\/noticias\/wp-content\/uploads\/2014\/09\/fonderos20140916-250x150.jpg 250w\" sizes=\"auto, (max-width: 500px) 100vw, 500px\" \/><\/a><\/p>\n<p style=\"text-align: justify;\">Yungay, lunes 15 de de septiembre 2014: A toda m\u00e1quina est\u00e1n trabajando los fonderos de 6 ramadas,12 cociner\u00eda y 8 chicher\u00edas de nuestra comuna para tener todo listo y as\u00ed poder atender a toda la comunidad y visitantes para estas Fiesta Patrias, en el cu\u00e1l se celebrar\u00e1 un nuevo aniversario de nuestro Pa\u00eds.<\/p>\n<p style=\"text-align: justify;\">Nuestro Equipo del Portal Yungayino.cl visit\u00f3 en terreno a los fonderos, quienes trabajaban afanadamente con serrucho y martillo para terminar sus fondas, adem\u00e1s conversaron con nuestro equipo e hicieron un llamado a todos para que visiten los locales en estas Fiestas Patrias que comienzan este mi\u00e9rcoles 17 a partir de las 16:00 horas en la zonas rurales y a las 21:00 en Yungay. Miguel Bravo, due\u00f1o de la ramada <strong>\u201cLa Yungayina\u201d <\/strong>reiter\u00f3 su invitaci\u00f3n a asistir a las ramadas, donde podr\u00e1n pasar un grato momento en familia, adem\u00e1s de disfrutar de ricas empanadas, chicha, ponche, entre otras cosas y lo m\u00e1s importante bajos precios.<\/p>\n<p style=\"text-align: justify;\">Rodrigo Gutierrez due\u00f1o de la ramada <strong>\u201cA donde el Gato\u201d <\/strong>tambi\u00e9n hizo un llamado a visitar las ramadas y disfrutar en familia esta fiesta patria.<\/p>\n<p style=\"text-align: justify;\">Por su parte el <strong>\u201cRey del Anticucho\u201d,<\/strong> nombre de la Cociner\u00eda de Mauricio Cisternas nos se\u00f1alo que tendr\u00e1n la mejor carne seleccionada para preparar los tradicionales anticuchos en estas fiestas patrias al igual que la Cociner\u00eda <strong>\u201cYuly\u201d.<\/strong><\/p>\n<p>[su_button url=\u00bbhttps:\/\/www.facebook.com\/media\/set\/?set=a.923657990982574.1073742274.159561284058919&amp;type=3&amp;uploaded=20&#8243; size=\u00bb4&#8243; radius=\u00bbround\u00bb icon=\u00bbicon: camera-retro\u00bb]Fotograf\u00edas &#8211; Fonderos de Yungay se Preparan Para Fiestas Patrias 2014[\/su_button]<\/p>\n","protected":false},"excerpt":{"rendered":"<p>Yungay, lunes 15 de de septiembre 2014: A toda m\u00e1quina est\u00e1n trabajando los fonderos de 6 ramadas,12 cociner\u00eda y 8 chicher\u00edas de nuestra comuna para tener todo listo y as\u00ed poder atender a toda&#46;&#46;&#46;<\/p>\n","protected":false},"author":2,"featured_media":11644,"comment_status":"open","ping_status":"open","sticky":false,"template":"","format":"standard","meta":{"footnotes":""},"categories":[1],"tags":[927,760,1115,8,6],"class_list":["post-11643","post","type-post","status-publish","format-standard","has-post-thumbnail","hentry","category-noticias","tag-fiestas-patrias-2014","tag-fonderos","tag-noticias","tag-yungay","tag-yungayino"],"_links":{"self":[{"href":"https:\/\/www.yungayino.cl\/noticias\/index.php?rest_route=\/wp\/v2\/posts\/11643","targetHints":{"allow":["GET"]}}],"collection":[{"href":"https:\/\/www.yungayino.cl\/noticias\/index.php?rest_route=\/wp\/v2\/posts"}],"about":[{"href":"https:\/\/www.yungayino.cl\/noticias\/index.php?rest_route=\/wp\/v2\/types\/post"}],"author":[{"embeddable":true,"href":"https:\/\/www.yungayino.cl\/noticias\/index.php?rest_route=\/wp\/v2\/users\/2"}],"replies":[{"embeddable":true,"href":"https:\/\/www.yungayino.cl\/noticias\/index.php?rest_route=%2Fwp%2Fv2%2Fcomments&post=11643"}],"version-history":[{"count":4,"href":"https:\/\/www.yungayino.cl\/noticias\/index.php?rest_route=\/wp\/v2\/posts\/11643\/revisions"}],"predecessor-version":[{"id":11651,"href":"https:\/\/www.yungayino.cl\/noticias\/index.php?rest_route=\/wp\/v2\/posts\/11643\/revisions\/11651"}],"wp:featuredmedia":[{"embeddable":true,"href":"https:\/\/www.yungayino.cl\/noticias\/index.php?rest_route=\/wp\/v2\/media\/11644"}],"wp:attachment":[{"href":"https:\/\/www.yungayino.cl\/noticias\/index.php?rest_route=%2Fwp%2Fv2%2Fmedia&parent=11643"}],"wp:term":[{"taxonomy":"category","embeddable":true,"href":"https:\/\/www.yungayino.cl\/noticias\/index.php?rest_route=%2Fwp%2Fv2%2Fcategories&post=11643"},{"taxonomy":"post_tag","embeddable":true,"href":"https:\/\/www.yungayino.cl\/noticias\/index.php?rest_route=%2Fwp%2Fv2%2Ftags&post=11643"}],"curies":[{"name":"wp","href":"https:\/\/api.w.org\/{rel}","templated":true}]}}