{"id":11652,"date":"2014-09-17T09:00:16","date_gmt":"2014-09-17T13:00:16","guid":{"rendered":"http:\/\/www.yungayino.cl\/noticias\/?p=11652"},"modified":"2014-09-17T12:23:01","modified_gmt":"2014-09-17T16:23:01","slug":"en-la-plaza-iquique-liceo-a-17de-yungay-realizo-cuecaton","status":"publish","type":"post","link":"https:\/\/www.yungayino.cl\/noticias\/?p=11652","title":{"rendered":"En la Plaza Iquique Liceo A-17 de Yungay Realiz\u00f3 \u201cCuecat\u00f3n\u201d"},"content":{"rendered":"<p><a href=\"http:\/\/www.yungayino.cl\/noticias\/wp-content\/uploads\/2014\/09\/cuecatonliceo2014.jpg\"><img loading=\"lazy\" decoding=\"async\" class=\"alignnone size-full wp-image-11654\" src=\"http:\/\/www.yungayino.cl\/noticias\/wp-content\/uploads\/2014\/09\/cuecatonliceo2014.jpg\" alt=\"cuecatonliceo2014\" width=\"500\" height=\"300\" srcset=\"https:\/\/www.yungayino.cl\/noticias\/wp-content\/uploads\/2014\/09\/cuecatonliceo2014.jpg 500w, https:\/\/www.yungayino.cl\/noticias\/wp-content\/uploads\/2014\/09\/cuecatonliceo2014-300x180.jpg 300w, https:\/\/www.yungayino.cl\/noticias\/wp-content\/uploads\/2014\/09\/cuecatonliceo2014-250x150.jpg 250w\" sizes=\"auto, (max-width: 500px) 100vw, 500px\" \/><\/a><\/p>\n<p style=\"text-align: justify;\">Yungay, martes 16 de septiembre 2014: En el Ode\u00f3n de la Plaza Iquique se realiz\u00f3 la tradicional \u201cCuecat\u00f3n\u201d organizada por el Liceo A-17 de nuestra comuna, como parte del inicio de la celebraci\u00f3n de las Fiestas Patrias, apreciando y bailando nuestra danza nacional. Se\u00f1alar que tambi\u00e9n participaron alumnos de otros colegios y que en la ocasi\u00f3n se instalaron stand donde se ofrec\u00edan comidas t\u00edpicas.<\/p>\n<p style=\"text-align: justify;\">Lorena Betancourt y Karen Gaete, profesoras asesoras del Centro de Estudiantes, se\u00f1alaron que esta actividad se viene realizando hace varios a\u00f1os, donde participaron varias parejas de alumnos, que con la ayuda de los profesores de educaci\u00f3n f\u00edsica pudieron realizar una hermosa participaci\u00f3n. Tambi\u00e9n destacaron la buena motivaci\u00f3n por parte del alumnado en la participaci\u00f3n de las diferentes actividades que realizaron durante el d\u00eda, donde tuvieron un desayuno y competencias con juegos t\u00edpicos, para terminar traslad\u00e1ndose a la Plaza Iquique para este gran \u201cCuecat\u00f3n 2014\u201d.<\/p>\n<p style=\"text-align: justify;\">Finalmente se\u00f1alar que la actividad fue liderada por su Director, Sergio Villalobos y que tambi\u00e9n asisti\u00f3 el Concejal Marcos Cuevas, Docentes, Alumnos y P\u00fablico en general.<\/p>\n<p style=\"text-align: justify;\">[su_button url=\u00bbhttps:\/\/www.facebook.com\/media\/set\/?set=a.924195030928870.1073742275.159561284058919&amp;type=3&amp;uploaded=44&#8243; size=\u00bb4&#8243; radius=\u00bbround\u00bb icon=\u00bbicon: camera-retro\u00bb]Fotograf\u00edas &#8211; En la Plaza Iquique Liceo A-17de Yungay Realiz\u00f3 \u201cCuecat\u00f3n\u201d[\/su_button]<\/p>\n","protected":false},"excerpt":{"rendered":"<p>Yungay, martes 16 de septiembre 2014: En el Ode\u00f3n de la Plaza Iquique se realiz\u00f3 la tradicional \u201cCuecat\u00f3n\u201d organizada por el Liceo A-17 de nuestra comuna, como parte del inicio de la celebraci\u00f3n de&#46;&#46;&#46;<\/p>\n","protected":false},"author":2,"featured_media":11654,"comment_status":"open","ping_status":"open","sticky":false,"template":"","format":"standard","meta":{"footnotes":""},"categories":[5,1],"tags":[941,927,89,1115,8,6],"class_list":["post-11652","post","type-post","status-publish","format-standard","has-post-thumbnail","hentry","category-eventos","category-noticias","tag-cuecaton","tag-fiestas-patrias-2014","tag-liceo-yungay","tag-noticias","tag-yungay","tag-yungayino"],"_links":{"self":[{"href":"https:\/\/www.yungayino.cl\/noticias\/index.php?rest_route=\/wp\/v2\/posts\/11652","targetHints":{"allow":["GET"]}}],"collection":[{"href":"https:\/\/www.yungayino.cl\/noticias\/index.php?rest_route=\/wp\/v2\/posts"}],"about":[{"href":"https:\/\/www.yungayino.cl\/noticias\/index.php?rest_route=\/wp\/v2\/types\/post"}],"author":[{"embeddable":true,"href":"https:\/\/www.yungayino.cl\/noticias\/index.php?rest_route=\/wp\/v2\/users\/2"}],"replies":[{"embeddable":true,"href":"https:\/\/www.yungayino.cl\/noticias\/index.php?rest_route=%2Fwp%2Fv2%2Fcomments&post=11652"}],"version-history":[{"count":3,"href":"https:\/\/www.yungayino.cl\/noticias\/index.php?rest_route=\/wp\/v2\/posts\/11652\/revisions"}],"predecessor-version":[{"id":11663,"href":"https:\/\/www.yungayino.cl\/noticias\/index.php?rest_route=\/wp\/v2\/posts\/11652\/revisions\/11663"}],"wp:featuredmedia":[{"embeddable":true,"href":"https:\/\/www.yungayino.cl\/noticias\/index.php?rest_route=\/wp\/v2\/media\/11654"}],"wp:attachment":[{"href":"https:\/\/www.yungayino.cl\/noticias\/index.php?rest_route=%2Fwp%2Fv2%2Fmedia&parent=11652"}],"wp:term":[{"taxonomy":"category","embeddable":true,"href":"https:\/\/www.yungayino.cl\/noticias\/index.php?rest_route=%2Fwp%2Fv2%2Fcategories&post=11652"},{"taxonomy":"post_tag","embeddable":true,"href":"https:\/\/www.yungayino.cl\/noticias\/index.php?rest_route=%2Fwp%2Fv2%2Ftags&post=11652"}],"curies":[{"name":"wp","href":"https:\/\/api.w.org\/{rel}","templated":true}]}}