{"id":11656,"date":"2014-09-17T10:00:43","date_gmt":"2014-09-17T14:00:43","guid":{"rendered":"http:\/\/www.yungayino.cl\/noticias\/?p=11656"},"modified":"2014-09-17T12:22:15","modified_gmt":"2014-09-17T16:22:15","slug":"todo-un-exito-resulto-pena-folclorica-organizada-por-el-liceo-a-17de-yungay","status":"publish","type":"post","link":"https:\/\/www.yungayino.cl\/noticias\/?p=11656","title":{"rendered":"Todo un \u00c9xito Resulto Pe\u00f1a Folcl\u00f3rica Organizada por el Liceo A-17 de Yungay"},"content":{"rendered":"<p><a href=\"http:\/\/www.yungayino.cl\/noticias\/wp-content\/uploads\/2014\/09\/penafolcloricaliceo2014.jpg\"><img loading=\"lazy\" decoding=\"async\" class=\"alignnone size-full wp-image-11653\" src=\"http:\/\/www.yungayino.cl\/noticias\/wp-content\/uploads\/2014\/09\/penafolcloricaliceo2014.jpg\" alt=\"penafolcloricaliceo2014\" width=\"500\" height=\"300\" srcset=\"https:\/\/www.yungayino.cl\/noticias\/wp-content\/uploads\/2014\/09\/penafolcloricaliceo2014.jpg 500w, https:\/\/www.yungayino.cl\/noticias\/wp-content\/uploads\/2014\/09\/penafolcloricaliceo2014-300x180.jpg 300w, https:\/\/www.yungayino.cl\/noticias\/wp-content\/uploads\/2014\/09\/penafolcloricaliceo2014-250x150.jpg 250w\" sizes=\"auto, (max-width: 500px) 100vw, 500px\" \/><\/a><\/p>\n<p style=\"text-align: justify;\">Yungay, martes 16 septiembre 2014: Todo un \u00e9xito resulto la primera Pe\u00f1a Folcl\u00f3rica organizada por el Liceo A-17 de Yungay, la cual se realiz\u00f3 en las dependencias del Liceo Modular.<\/p>\n<p style=\"text-align: justify;\">Tradici\u00f3n y Cultura de Mi Pueblo como fue denominada, cont\u00f3 con la destacada participaci\u00f3n de Conjuntos Folcl\u00f3ricos de nuestra comuna como \u201cMapuketran\u201d, \u201dSurcos de Mi Tierra\u201d, \u201dLos Hortelanos\u201d y el conjunto integrado por alumnos del Liceo \u201cVerde Valle\u201d, adem\u00e1s de la presentaci\u00f3n de cantores de nuestra comuna como Eliana Romero, Hugo Rom\u00e1n y Gabriel Quintrileo.<\/p>\n<p style=\"text-align: justify;\">La actividad fue encabezada por su Director, Sergio Villalobos, qui\u00e9n estuvo acompa\u00f1ado por los concejales Marcos Cuevas, Juana Sandoval y Ang\u00e9lica Cabezas.<\/p>\n<p style=\"text-align: justify;\">Sergio Villalobos se\u00f1alo al Equipo del Portal Yungayino.cl, que esta actividad se realiz\u00f3 con el sentido de reunir a la unidad educativa, en este caso a estudiantes, apoderados, profesores, asistentes educacionales, autoridades y p\u00fablico en general para disfrutar de nuestras tradiciones, donde se realiz\u00f3 un esfuerzo grande al invitar a cuatro grupos folcl\u00f3ricos, cantores de nuestra m\u00fasica folcl\u00f3rica y por otra parte tambi\u00e9n disfrutar de algunas comidas t\u00edpicas de nuestra cultura gastronomitas como las empanadas, navegado, sopaipillas, etc.<\/p>\n<p style=\"text-align: justify;\">Finalmente mencionar que ha cada grupo y cantante se le hizo entrega de un reconocimiento por la participaci\u00f3n de esta primera Pe\u00f1a Folcl\u00f3rica \u201cTradici\u00f3n y Cultura de Mi Pueblo\u201d.<\/p>\n<p>[su_button url=\u00bbhttps:\/\/www.facebook.com\/media\/set\/?set=a.924202090928164.1073742276.159561284058919&amp;type=1&#8243; size=\u00bb4&#8243; radius=\u00bbround\u00bb icon=\u00bbicon: camera-retro\u00bb]Fotograf\u00edas &#8211; Todo un \u00c9xito Resulto Pe\u00f1a Folcl\u00f3rica Organizada por el Liceo A-17de Yungay [\/su_button]<\/p>\n<p>&nbsp;<\/p>\n","protected":false},"excerpt":{"rendered":"<p>Yungay, martes 16 septiembre 2014: Todo un \u00e9xito resulto la primera Pe\u00f1a Folcl\u00f3rica organizada por el Liceo A-17 de Yungay, la cual se realiz\u00f3 en las dependencias del Liceo Modular. Tradici\u00f3n y Cultura de&#46;&#46;&#46;<\/p>\n","protected":false},"author":2,"featured_media":11653,"comment_status":"open","ping_status":"open","sticky":false,"template":"","format":"standard","meta":{"footnotes":""},"categories":[1],"tags":[927,89,1115,942,8,6],"class_list":["post-11656","post","type-post","status-publish","format-standard","has-post-thumbnail","hentry","category-noticias","tag-fiestas-patrias-2014","tag-liceo-yungay","tag-noticias","tag-pena-folclorica","tag-yungay","tag-yungayino"],"_links":{"self":[{"href":"https:\/\/www.yungayino.cl\/noticias\/index.php?rest_route=\/wp\/v2\/posts\/11656","targetHints":{"allow":["GET"]}}],"collection":[{"href":"https:\/\/www.yungayino.cl\/noticias\/index.php?rest_route=\/wp\/v2\/posts"}],"about":[{"href":"https:\/\/www.yungayino.cl\/noticias\/index.php?rest_route=\/wp\/v2\/types\/post"}],"author":[{"embeddable":true,"href":"https:\/\/www.yungayino.cl\/noticias\/index.php?rest_route=\/wp\/v2\/users\/2"}],"replies":[{"embeddable":true,"href":"https:\/\/www.yungayino.cl\/noticias\/index.php?rest_route=%2Fwp%2Fv2%2Fcomments&post=11656"}],"version-history":[{"count":5,"href":"https:\/\/www.yungayino.cl\/noticias\/index.php?rest_route=\/wp\/v2\/posts\/11656\/revisions"}],"predecessor-version":[{"id":11662,"href":"https:\/\/www.yungayino.cl\/noticias\/index.php?rest_route=\/wp\/v2\/posts\/11656\/revisions\/11662"}],"wp:featuredmedia":[{"embeddable":true,"href":"https:\/\/www.yungayino.cl\/noticias\/index.php?rest_route=\/wp\/v2\/media\/11653"}],"wp:attachment":[{"href":"https:\/\/www.yungayino.cl\/noticias\/index.php?rest_route=%2Fwp%2Fv2%2Fmedia&parent=11656"}],"wp:term":[{"taxonomy":"category","embeddable":true,"href":"https:\/\/www.yungayino.cl\/noticias\/index.php?rest_route=%2Fwp%2Fv2%2Fcategories&post=11656"},{"taxonomy":"post_tag","embeddable":true,"href":"https:\/\/www.yungayino.cl\/noticias\/index.php?rest_route=%2Fwp%2Fv2%2Ftags&post=11656"}],"curies":[{"name":"wp","href":"https:\/\/api.w.org\/{rel}","templated":true}]}}