{"id":11664,"date":"2014-09-17T18:00:59","date_gmt":"2014-09-17T22:00:59","guid":{"rendered":"http:\/\/www.yungayino.cl\/noticias\/?p=11664"},"modified":"2014-09-17T20:08:50","modified_gmt":"2014-09-18T00:08:50","slug":"comunidad-de-campanario-participo-del-acto-civico-y-desfile-de-fiestas-patrias-2014","status":"publish","type":"post","link":"https:\/\/www.yungayino.cl\/noticias\/?p=11664","title":{"rendered":"Comunidad de Campanario Particip\u00f3 del Acto C\u00edvico y Desfile de Fiestas Patrias 2014"},"content":{"rendered":"<p><a href=\"http:\/\/www.yungayino.cl\/noticias\/wp-content\/uploads\/2014\/09\/desfilecampanarioseptiembre2014.jpg\"><img loading=\"lazy\" decoding=\"async\" class=\"alignnone size-full wp-image-11665\" src=\"http:\/\/www.yungayino.cl\/noticias\/wp-content\/uploads\/2014\/09\/desfilecampanarioseptiembre2014.jpg\" alt=\"desfilecampanarioseptiembre2014\" width=\"500\" height=\"300\" srcset=\"https:\/\/www.yungayino.cl\/noticias\/wp-content\/uploads\/2014\/09\/desfilecampanarioseptiembre2014.jpg 500w, https:\/\/www.yungayino.cl\/noticias\/wp-content\/uploads\/2014\/09\/desfilecampanarioseptiembre2014-300x180.jpg 300w, https:\/\/www.yungayino.cl\/noticias\/wp-content\/uploads\/2014\/09\/desfilecampanarioseptiembre2014-250x150.jpg 250w\" sizes=\"auto, (max-width: 500px) 100vw, 500px\" \/><\/a><\/p>\n<p style=\"text-align: justify;\">Campanario, mi\u00e9rcoles 17 de septiembre 2014: Con una muy buena asistencia la comunidad de Campanario particip\u00f3 activamente del acto c\u00edvico y desfile organizado por el Liceo T\u00e9cnico Profesional de Campanario, en homenaje a un nuevo aniversario de la Independencia de Chile.<\/p>\n<p style=\"text-align: justify;\">La actividad comenz\u00f3 a las 12:00 horas frente al Gimnasio Multiuso y estuvo encabezadas por el alcalde Pedro Inostroza Valenzuela, qui\u00e9n en compa\u00f1\u00eda del Concejo Municipal, autoridades locales e invitados especiales vieron como las agrupaciones de Adultos Mayores, Clubes Deportivos, Unidades Educativas, Bomberos, Funcionarios P\u00fablico y Clubes de Huasos, entre otras organizaciones desfilaron de manera impecable a los sones de la Banda de Guerra de Yungay.<\/p>\n<p style=\"text-align: justify;\">El edil Pedro Inostroza, agradeci\u00f3 en sus primeras palabras del discurso al p\u00fablico presente por la buena asistencia y participaci\u00f3n en este homenaje que se le rinde a los pr\u00f3ceres de la Patria y tambi\u00e9n el festejo de un a\u00f1o m\u00e1s de nuestra independencia, para luego continuar informando los logros que se han y est\u00e1n realizando para la comunidad de Campanario, finalmente realiz\u00f3 un llamado a seguir trabajando en unidad por el bien de toda la comuna. Finalmente terminado el acto y desfile las autoridades y p\u00fablico se trasladaron al gimnasio para realizar el tradicional vino de honor.<\/p>\n<p style=\"text-align: justify;\">[su_button url=\u00bbhttps:\/\/www.facebook.com\/media\/set\/?set=a.924367077578332.1073742277.159561284058919&amp;type=3&amp;uploaded=243&#8243; size=\u00bb4&#8243; radius=\u00bbround\u00bb icon=\u00bbicon: camera-retro\u00bb]Fotograf\u00edas &#8211; Comunidad de Campanario Particip\u00f3 del Acto C\u00edvico y Desfile de Fiestas Patrias 2014.[\/su_button]<\/p>\n","protected":false},"excerpt":{"rendered":"<p>Campanario, mi\u00e9rcoles 17 de septiembre 2014: Con una muy buena asistencia la comunidad de Campanario particip\u00f3 activamente del acto c\u00edvico y desfile organizado por el Liceo T\u00e9cnico Profesional de Campanario, en homenaje a un&#46;&#46;&#46;<\/p>\n","protected":false},"author":2,"featured_media":11665,"comment_status":"open","ping_status":"open","sticky":false,"template":"","format":"standard","meta":{"footnotes":""},"categories":[1],"tags":[31,927,1115,8,6],"class_list":["post-11664","post","type-post","status-publish","format-standard","has-post-thumbnail","hentry","category-noticias","tag-campanario","tag-fiestas-patrias-2014","tag-noticias","tag-yungay","tag-yungayino"],"_links":{"self":[{"href":"https:\/\/www.yungayino.cl\/noticias\/index.php?rest_route=\/wp\/v2\/posts\/11664","targetHints":{"allow":["GET"]}}],"collection":[{"href":"https:\/\/www.yungayino.cl\/noticias\/index.php?rest_route=\/wp\/v2\/posts"}],"about":[{"href":"https:\/\/www.yungayino.cl\/noticias\/index.php?rest_route=\/wp\/v2\/types\/post"}],"author":[{"embeddable":true,"href":"https:\/\/www.yungayino.cl\/noticias\/index.php?rest_route=\/wp\/v2\/users\/2"}],"replies":[{"embeddable":true,"href":"https:\/\/www.yungayino.cl\/noticias\/index.php?rest_route=%2Fwp%2Fv2%2Fcomments&post=11664"}],"version-history":[{"count":2,"href":"https:\/\/www.yungayino.cl\/noticias\/index.php?rest_route=\/wp\/v2\/posts\/11664\/revisions"}],"predecessor-version":[{"id":11667,"href":"https:\/\/www.yungayino.cl\/noticias\/index.php?rest_route=\/wp\/v2\/posts\/11664\/revisions\/11667"}],"wp:featuredmedia":[{"embeddable":true,"href":"https:\/\/www.yungayino.cl\/noticias\/index.php?rest_route=\/wp\/v2\/media\/11665"}],"wp:attachment":[{"href":"https:\/\/www.yungayino.cl\/noticias\/index.php?rest_route=%2Fwp%2Fv2%2Fmedia&parent=11664"}],"wp:term":[{"taxonomy":"category","embeddable":true,"href":"https:\/\/www.yungayino.cl\/noticias\/index.php?rest_route=%2Fwp%2Fv2%2Fcategories&post=11664"},{"taxonomy":"post_tag","embeddable":true,"href":"https:\/\/www.yungayino.cl\/noticias\/index.php?rest_route=%2Fwp%2Fv2%2Ftags&post=11664"}],"curies":[{"name":"wp","href":"https:\/\/api.w.org\/{rel}","templated":true}]}}