{"id":1167,"date":"2009-05-28T12:00:16","date_gmt":"2009-05-28T16:00:16","guid":{"rendered":"http:\/\/www.yungayino.cl\/noticias\/?p=1167"},"modified":"2009-05-30T01:20:07","modified_gmt":"2009-05-30T05:20:07","slug":"maltrato-animal-en-yungay","status":"publish","type":"post","link":"https:\/\/www.yungayino.cl\/noticias\/?p=1167","title":{"rendered":"Maltrato Animal en Yungay"},"content":{"rendered":"<p><img decoding=\"async\" src=\"http:\/\/www.yungayino.cl\/imagenes\/maltratocaballo1.jpg\" alt=\"Maltrato Animal en yungay\" \/><img decoding=\"async\" src=\"http:\/\/www.yungayino.cl\/imagenes\/maltratocaballo2.jpg\" alt=\"Maltrato Animal en yungay\" \/><\/p>\n<p align=\"justify\"><font size=\"2\">En el sector de \u00d1ipilco de nuestra comuna, fue denunciado con fotograf\u00edas en mano por un lugare\u00f1o el maltrato que estaba recibiendo un caballo desde hacia casi un mes. Fue as\u00ed como Carabineros al recibir esta informaci\u00f3n tomo cartas en el asunto y se dirigi\u00f3 hacia el lugar donde encontr\u00f3 al animal amarrado por una cadena la cual estaba incrustada en su cuerpo producto de la fuerza que hab\u00eda realizado para soltarse. El maltrato animal es una acci\u00f3n penada por la Ley y las lesiones eran de mucha gravedad por lo que personal de Carabineros se llev\u00f3 a su propietario hasta la Cuarta Comisar\u00eda de Yungay para tomarle declaraciones sobre el hecho, quedando en libertad hasta que le llegue la citaci\u00f3n. Seg\u00fan declaraci\u00f3n realizada por el due\u00f1o del caballo se\u00f1alo que el motivo de tenerlo amarrado era porque quer\u00eda amansarlo. <a href=\"http:\/\/www.flickr.com\/photos\/38313948@N06\/tags\/maltratoanimal\/\">Fotograf\u00edas<\/a><\/font><\/p>\n","protected":false},"excerpt":{"rendered":"<p>En el sector de \u00d1ipilco de nuestra comuna, fue denunciado con fotograf\u00edas en mano por un lugare\u00f1o el maltrato que estaba recibiendo un caballo desde hacia casi un mes. Fue as\u00ed como Carabineros al&#46;&#46;&#46;<\/p>\n","protected":false},"author":2,"featured_media":15013,"comment_status":"open","ping_status":"open","sticky":false,"template":"","format":"standard","meta":{"footnotes":""},"categories":[1],"tags":[1115,8,6],"class_list":["post-1167","post","type-post","status-publish","format-standard","has-post-thumbnail","hentry","category-noticias","tag-noticias","tag-yungay","tag-yungayino"],"_links":{"self":[{"href":"https:\/\/www.yungayino.cl\/noticias\/index.php?rest_route=\/wp\/v2\/posts\/1167","targetHints":{"allow":["GET"]}}],"collection":[{"href":"https:\/\/www.yungayino.cl\/noticias\/index.php?rest_route=\/wp\/v2\/posts"}],"about":[{"href":"https:\/\/www.yungayino.cl\/noticias\/index.php?rest_route=\/wp\/v2\/types\/post"}],"author":[{"embeddable":true,"href":"https:\/\/www.yungayino.cl\/noticias\/index.php?rest_route=\/wp\/v2\/users\/2"}],"replies":[{"embeddable":true,"href":"https:\/\/www.yungayino.cl\/noticias\/index.php?rest_route=%2Fwp%2Fv2%2Fcomments&post=1167"}],"version-history":[{"count":4,"href":"https:\/\/www.yungayino.cl\/noticias\/index.php?rest_route=\/wp\/v2\/posts\/1167\/revisions"}],"predecessor-version":[{"id":1171,"href":"https:\/\/www.yungayino.cl\/noticias\/index.php?rest_route=\/wp\/v2\/posts\/1167\/revisions\/1171"}],"wp:featuredmedia":[{"embeddable":true,"href":"https:\/\/www.yungayino.cl\/noticias\/index.php?rest_route=\/wp\/v2\/media\/15013"}],"wp:attachment":[{"href":"https:\/\/www.yungayino.cl\/noticias\/index.php?rest_route=%2Fwp%2Fv2%2Fmedia&parent=1167"}],"wp:term":[{"taxonomy":"category","embeddable":true,"href":"https:\/\/www.yungayino.cl\/noticias\/index.php?rest_route=%2Fwp%2Fv2%2Fcategories&post=1167"},{"taxonomy":"post_tag","embeddable":true,"href":"https:\/\/www.yungayino.cl\/noticias\/index.php?rest_route=%2Fwp%2Fv2%2Ftags&post=1167"}],"curies":[{"name":"wp","href":"https:\/\/api.w.org\/{rel}","templated":true}]}}