{"id":11679,"date":"2014-09-18T23:00:39","date_gmt":"2014-09-19T03:00:39","guid":{"rendered":"http:\/\/www.yungayino.cl\/noticias\/?p=11679"},"modified":"2014-09-19T16:34:05","modified_gmt":"2014-09-19T20:34:05","slug":"te-deum-catolico-de-fiestas-patrias-2014-en-yungay","status":"publish","type":"post","link":"https:\/\/www.yungayino.cl\/noticias\/?p=11679","title":{"rendered":"Te Deum Cat\u00f3lico de Fiestas Patrias 2014 en Yungay"},"content":{"rendered":"<p style=\"text-align: justify;\"><a href=\"http:\/\/www.yungayino.cl\/noticias\/wp-content\/uploads\/2014\/09\/tedeumfiestaspatrias_2014.jpg\"><img loading=\"lazy\" decoding=\"async\" class=\"alignnone size-full wp-image-11681\" src=\"http:\/\/www.yungayino.cl\/noticias\/wp-content\/uploads\/2014\/09\/tedeumfiestaspatrias_2014.jpg\" alt=\"tedeumfiestaspatrias_2014\" width=\"500\" height=\"300\" srcset=\"https:\/\/www.yungayino.cl\/noticias\/wp-content\/uploads\/2014\/09\/tedeumfiestaspatrias_2014.jpg 500w, https:\/\/www.yungayino.cl\/noticias\/wp-content\/uploads\/2014\/09\/tedeumfiestaspatrias_2014-300x180.jpg 300w, https:\/\/www.yungayino.cl\/noticias\/wp-content\/uploads\/2014\/09\/tedeumfiestaspatrias_2014-250x150.jpg 250w\" sizes=\"auto, (max-width: 500px) 100vw, 500px\" \/><\/a><\/p>\n<p style=\"text-align: justify;\">Yungay, jueves18 de septiembre 2014: En la Parroquia San Miguel se realiz\u00f3 como es tradicional el Te Deum, donde se hicieron presente el alcalde Pedro Inostroza, el Honorable Consejo Municipal, autoridades y la comunidad en general.<\/p>\n<p style=\"text-align: justify;\">La misa de Eucarist\u00eda fue presidida por el Sacerdote Nelson Jara, qui\u00e9n hizo un llamado a las autoridades a seguir trabajando unidos por el bien de la comuna, tambi\u00e9n orar por la familia y la paz del mundo.<\/p>\n<p style=\"text-align: justify;\">Cabe destacar que la Parroquia luc\u00eda hermosa decorada con motivo de las Fiesta Patrias, la que fue decorada por el Colegio Nueva Esperanza de acuerdo a lo se\u00f1alado por el Sacerdote.<\/p>\n<p style=\"text-align: justify;\">Finalmente y como es tradicional la comunidad se despidi\u00f3 del Sacerdote, Nelson Jara para luego trasladarse a presenciar del Acto y Desfile de Fiestas Patrias 2014.<\/p>\n<p style=\"text-align: justify;\">[su_button url=\u00bbhttps:\/\/www.facebook.com\/media\/set\/?set=a.925338290814544.1073742280.159561284058919&amp;type=3&amp;uploaded=67&#8243; size=\u00bb4&#8243; radius=\u00bbround\u00bb icon=\u00bbicon: camera-retro\u00bb]Fotograf\u00edas &#8211; Te Deum Cat\u00f3lico de Fiestas Patrias 2014 en Yungay.[\/su_button]<\/p>\n","protected":false},"excerpt":{"rendered":"<p>Yungay, jueves18 de septiembre 2014: En la Parroquia San Miguel se realiz\u00f3 como es tradicional el Te Deum, donde se hicieron presente el alcalde Pedro Inostroza, el Honorable Consejo Municipal, autoridades y la comunidad&#46;&#46;&#46;<\/p>\n","protected":false},"author":2,"featured_media":11681,"comment_status":"open","ping_status":"open","sticky":false,"template":"","format":"standard","meta":{"footnotes":""},"categories":[1],"tags":[927,1115,946,945,8,6],"class_list":["post-11679","post","type-post","status-publish","format-standard","has-post-thumbnail","hentry","category-noticias","tag-fiestas-patrias-2014","tag-noticias","tag-parroquia-san-miguel","tag-tedeum","tag-yungay","tag-yungayino"],"_links":{"self":[{"href":"https:\/\/www.yungayino.cl\/noticias\/index.php?rest_route=\/wp\/v2\/posts\/11679","targetHints":{"allow":["GET"]}}],"collection":[{"href":"https:\/\/www.yungayino.cl\/noticias\/index.php?rest_route=\/wp\/v2\/posts"}],"about":[{"href":"https:\/\/www.yungayino.cl\/noticias\/index.php?rest_route=\/wp\/v2\/types\/post"}],"author":[{"embeddable":true,"href":"https:\/\/www.yungayino.cl\/noticias\/index.php?rest_route=\/wp\/v2\/users\/2"}],"replies":[{"embeddable":true,"href":"https:\/\/www.yungayino.cl\/noticias\/index.php?rest_route=%2Fwp%2Fv2%2Fcomments&post=11679"}],"version-history":[{"count":4,"href":"https:\/\/www.yungayino.cl\/noticias\/index.php?rest_route=\/wp\/v2\/posts\/11679\/revisions"}],"predecessor-version":[{"id":11684,"href":"https:\/\/www.yungayino.cl\/noticias\/index.php?rest_route=\/wp\/v2\/posts\/11679\/revisions\/11684"}],"wp:featuredmedia":[{"embeddable":true,"href":"https:\/\/www.yungayino.cl\/noticias\/index.php?rest_route=\/wp\/v2\/media\/11681"}],"wp:attachment":[{"href":"https:\/\/www.yungayino.cl\/noticias\/index.php?rest_route=%2Fwp%2Fv2%2Fmedia&parent=11679"}],"wp:term":[{"taxonomy":"category","embeddable":true,"href":"https:\/\/www.yungayino.cl\/noticias\/index.php?rest_route=%2Fwp%2Fv2%2Fcategories&post=11679"},{"taxonomy":"post_tag","embeddable":true,"href":"https:\/\/www.yungayino.cl\/noticias\/index.php?rest_route=%2Fwp%2Fv2%2Ftags&post=11679"}],"curies":[{"name":"wp","href":"https:\/\/api.w.org\/{rel}","templated":true}]}}