{"id":11739,"date":"2014-09-28T21:00:48","date_gmt":"2014-09-29T01:00:48","guid":{"rendered":"http:\/\/www.yungayino.cl\/noticias\/?p=11739"},"modified":"2014-09-28T23:12:51","modified_gmt":"2014-09-29T03:12:51","slug":"comunidad-catolica-de-yungay-celebro-con-velada-a-san-miguel-arcangel","status":"publish","type":"post","link":"https:\/\/www.yungayino.cl\/noticias\/?p=11739","title":{"rendered":"Comunidad Cat\u00f3lica de Yungay Celebr\u00f3 con Velada a \u201cSan Miguel Arc\u00e1ngel\u201d"},"content":{"rendered":"<p><a href=\"http:\/\/www.yungayino.cl\/noticias\/wp-content\/uploads\/2014\/09\/veladasanmiguel2014.jpg\"><img loading=\"lazy\" decoding=\"async\" class=\"alignnone size-full wp-image-11740\" src=\"http:\/\/www.yungayino.cl\/noticias\/wp-content\/uploads\/2014\/09\/veladasanmiguel2014.jpg\" alt=\"veladasanmiguel2014\" width=\"500\" height=\"300\" srcset=\"https:\/\/www.yungayino.cl\/noticias\/wp-content\/uploads\/2014\/09\/veladasanmiguel2014.jpg 500w, https:\/\/www.yungayino.cl\/noticias\/wp-content\/uploads\/2014\/09\/veladasanmiguel2014-300x180.jpg 300w, https:\/\/www.yungayino.cl\/noticias\/wp-content\/uploads\/2014\/09\/veladasanmiguel2014-250x150.jpg 250w\" sizes=\"auto, (max-width: 500px) 100vw, 500px\" \/><\/a><\/p>\n<p style=\"text-align: justify;\">Yungay, s\u00e1bado 27 de Septiembre 2014: Con una gran participaci\u00f3n y asistencia la comunidad Cat\u00f3lica de la Parroquia San Miguel de nuestra comuna desarrollo una velada con motivo de la celebraci\u00f3n de \u201cSan Miguel Arc\u00e1ngel\u201d.<\/p>\n<p style=\"text-align: justify;\">La actividad que se llevo a cabo a partir de las 21:30 horas en el Sal\u00f3n del Hogar Oreste Montero y cont\u00f3 con la participaci\u00f3n de diferentes grupos de j\u00f3venes perteneciente al Colegio Divina Pastora, J\u00f3venes de Confirmaci\u00f3n, Ni\u00f1os de Primera Comuni\u00f3n, entre otros, quienes apoyados por sus monitores desarrollaron diferentes n\u00fameros musicales, presentaciones con ense\u00f1anzas b\u00edblicas y bailes, donde todos los participantes se lucieron mostrando sus dotes art\u00edsticos y destacar el apoyo de los padres para con sus hijos e hijas .<\/p>\n<p style=\"text-align: justify;\">Finalmente el Sacerdote Nelson Jara, felicito a todos quienes participaron, colaboraron y asistieron a esta hermosa velada, adem\u00e1s de dar la bendici\u00f3n a todos los presentes y reiterar la invitaci\u00f3n a participar para este lunes 29 de septiembre a la misa de eucarist\u00eda a las 20:00 horas, para posteriormente participar en la procesi\u00f3n en homenaje a \u201cSan Miguel Arc\u00e1ngel\u201d.<\/p>\n<p style=\"text-align: justify;\">[su_button url=\u00bbhttps:\/\/www.facebook.com\/media\/set\/?set=a.930220043659702.1073742293.159561284058919&amp;type=3&#8243; size=\u00bb4&#8243; radius=\u00bbround\u00bb icon=\u00bbicon: camera-retro\u00bb]Fotograf\u00edas &#8211; Comunidad Cat\u00f3lica de Yungay Celebr\u00f3 con Velada a \u201cSan Miguel Arc\u00e1ngel\u201d[\/su_button]<\/p>\n","protected":false},"excerpt":{"rendered":"<p>Yungay, s\u00e1bado 27 de Septiembre 2014: Con una gran participaci\u00f3n y asistencia la comunidad Cat\u00f3lica de la Parroquia San Miguel de nuestra comuna desarrollo una velada con motivo de la celebraci\u00f3n de \u201cSan Miguel&#46;&#46;&#46;<\/p>\n","protected":false},"author":2,"featured_media":11740,"comment_status":"open","ping_status":"open","sticky":false,"template":"","format":"standard","meta":{"footnotes":""},"categories":[5,1],"tags":[1115,946,951,8,6],"class_list":["post-11739","post","type-post","status-publish","format-standard","has-post-thumbnail","hentry","category-eventos","category-noticias","tag-noticias","tag-parroquia-san-miguel","tag-san-miguel","tag-yungay","tag-yungayino"],"_links":{"self":[{"href":"https:\/\/www.yungayino.cl\/noticias\/index.php?rest_route=\/wp\/v2\/posts\/11739","targetHints":{"allow":["GET"]}}],"collection":[{"href":"https:\/\/www.yungayino.cl\/noticias\/index.php?rest_route=\/wp\/v2\/posts"}],"about":[{"href":"https:\/\/www.yungayino.cl\/noticias\/index.php?rest_route=\/wp\/v2\/types\/post"}],"author":[{"embeddable":true,"href":"https:\/\/www.yungayino.cl\/noticias\/index.php?rest_route=\/wp\/v2\/users\/2"}],"replies":[{"embeddable":true,"href":"https:\/\/www.yungayino.cl\/noticias\/index.php?rest_route=%2Fwp%2Fv2%2Fcomments&post=11739"}],"version-history":[{"count":3,"href":"https:\/\/www.yungayino.cl\/noticias\/index.php?rest_route=\/wp\/v2\/posts\/11739\/revisions"}],"predecessor-version":[{"id":11746,"href":"https:\/\/www.yungayino.cl\/noticias\/index.php?rest_route=\/wp\/v2\/posts\/11739\/revisions\/11746"}],"wp:featuredmedia":[{"embeddable":true,"href":"https:\/\/www.yungayino.cl\/noticias\/index.php?rest_route=\/wp\/v2\/media\/11740"}],"wp:attachment":[{"href":"https:\/\/www.yungayino.cl\/noticias\/index.php?rest_route=%2Fwp%2Fv2%2Fmedia&parent=11739"}],"wp:term":[{"taxonomy":"category","embeddable":true,"href":"https:\/\/www.yungayino.cl\/noticias\/index.php?rest_route=%2Fwp%2Fv2%2Fcategories&post=11739"},{"taxonomy":"post_tag","embeddable":true,"href":"https:\/\/www.yungayino.cl\/noticias\/index.php?rest_route=%2Fwp%2Fv2%2Ftags&post=11739"}],"curies":[{"name":"wp","href":"https:\/\/api.w.org\/{rel}","templated":true}]}}