{"id":11754,"date":"2014-10-01T08:00:32","date_gmt":"2014-10-01T12:00:32","guid":{"rendered":"http:\/\/www.yungayino.cl\/noticias\/?p=11754"},"modified":"2014-10-01T08:06:52","modified_gmt":"2014-10-01T12:06:52","slug":"110-familias-yungayinas-del-comite-habitacional-27-de-febrero-recibiran-oficialmente-viviendas-tras-largo-tiempo-de-espera","status":"publish","type":"post","link":"https:\/\/www.yungayino.cl\/noticias\/?p=11754","title":{"rendered":"110 Familias Yungayinas del \u201cComit\u00e9 Habitacional 27 de Febrero\u201d Recibir\u00e1n Oficialmente Viviendas Tras Largo Tiempo de Espera"},"content":{"rendered":"<p><a href=\"http:\/\/www.yungayino.cl\/noticias\/wp-content\/uploads\/2014\/10\/comite27febrero.jpg\"><img loading=\"lazy\" decoding=\"async\" class=\"alignnone size-full wp-image-11755\" src=\"http:\/\/www.yungayino.cl\/noticias\/wp-content\/uploads\/2014\/10\/comite27febrero.jpg\" alt=\"comite27febrero\" width=\"500\" height=\"300\" srcset=\"https:\/\/www.yungayino.cl\/noticias\/wp-content\/uploads\/2014\/10\/comite27febrero.jpg 500w, https:\/\/www.yungayino.cl\/noticias\/wp-content\/uploads\/2014\/10\/comite27febrero-300x180.jpg 300w, https:\/\/www.yungayino.cl\/noticias\/wp-content\/uploads\/2014\/10\/comite27febrero-250x150.jpg 250w\" sizes=\"auto, (max-width: 500px) 100vw, 500px\" \/><\/a><\/p>\n<p style=\"text-align: justify;\">Yungay, mi\u00e9rcoles 01 de octubre 2014: Tras un largo tiempo de espera debido a trabas <strong>burocr\u00e1ticas, las 110 Familias pertenecientes al <\/strong>\u201cComit\u00e9 Habitacional 27 de Febrero\u201d, por fin recibir\u00e1n oficialmente este s\u00e1bado 04 de octubre 2014 sus casas.<\/p>\n<p style=\"text-align: justify;\">La entrega se concretar\u00e1 con una ceremonia oficial que se realizar\u00e1 este s\u00e1bado 04 de octubre a las 11:00 horas y donde se har\u00e1n presentes autoridades regionales, autoridades del serviu, adem\u00e1s del alcalde Pedro Inostroza e invitados especiales.<\/p>\n<p style=\"text-align: justify;\">Recordar que la construcci\u00f3n de estas casas se encontraba lista desde febrero pasado, pero debido a la falta de firmas de documentos pendientes, estas no pod\u00edan ser entregadas, sin embargo gracias a las gestiones y apoyo desde que se inicio este comit\u00e9 por parte del alcalde Pedro Inostroza m\u00e1s la gesti\u00f3n del Director Regional del Serviu, Eloy Grand\u00f3n se pudo regularizar, y as\u00ed hacer realidad este s\u00e1bado el sue\u00f1o de vivir en su casa propia para estas 110 familias yungayinas, que fueron afectadas de una u otra manera por el pasado terremoto de febrero del 2010.<\/p>\n","protected":false},"excerpt":{"rendered":"<p>Yungay, mi\u00e9rcoles 01 de octubre 2014: Tras un largo tiempo de espera debido a trabas burocr\u00e1ticas, las 110 Familias pertenecientes al \u201cComit\u00e9 Habitacional 27 de Febrero\u201d, por fin recibir\u00e1n oficialmente este s\u00e1bado 04 de&#46;&#46;&#46;<\/p>\n","protected":false},"author":2,"featured_media":11755,"comment_status":"open","ping_status":"open","sticky":false,"template":"","format":"standard","meta":{"footnotes":""},"categories":[3,1],"tags":[650,1115,8,6],"class_list":["post-11754","post","type-post","status-publish","format-standard","has-post-thumbnail","hentry","category-actualidad","category-noticias","tag-comite-27-febrero","tag-noticias","tag-yungay","tag-yungayino"],"_links":{"self":[{"href":"https:\/\/www.yungayino.cl\/noticias\/index.php?rest_route=\/wp\/v2\/posts\/11754","targetHints":{"allow":["GET"]}}],"collection":[{"href":"https:\/\/www.yungayino.cl\/noticias\/index.php?rest_route=\/wp\/v2\/posts"}],"about":[{"href":"https:\/\/www.yungayino.cl\/noticias\/index.php?rest_route=\/wp\/v2\/types\/post"}],"author":[{"embeddable":true,"href":"https:\/\/www.yungayino.cl\/noticias\/index.php?rest_route=\/wp\/v2\/users\/2"}],"replies":[{"embeddable":true,"href":"https:\/\/www.yungayino.cl\/noticias\/index.php?rest_route=%2Fwp%2Fv2%2Fcomments&post=11754"}],"version-history":[{"count":1,"href":"https:\/\/www.yungayino.cl\/noticias\/index.php?rest_route=\/wp\/v2\/posts\/11754\/revisions"}],"predecessor-version":[{"id":11757,"href":"https:\/\/www.yungayino.cl\/noticias\/index.php?rest_route=\/wp\/v2\/posts\/11754\/revisions\/11757"}],"wp:featuredmedia":[{"embeddable":true,"href":"https:\/\/www.yungayino.cl\/noticias\/index.php?rest_route=\/wp\/v2\/media\/11755"}],"wp:attachment":[{"href":"https:\/\/www.yungayino.cl\/noticias\/index.php?rest_route=%2Fwp%2Fv2%2Fmedia&parent=11754"}],"wp:term":[{"taxonomy":"category","embeddable":true,"href":"https:\/\/www.yungayino.cl\/noticias\/index.php?rest_route=%2Fwp%2Fv2%2Fcategories&post=11754"},{"taxonomy":"post_tag","embeddable":true,"href":"https:\/\/www.yungayino.cl\/noticias\/index.php?rest_route=%2Fwp%2Fv2%2Ftags&post=11754"}],"curies":[{"name":"wp","href":"https:\/\/api.w.org\/{rel}","templated":true}]}}