{"id":11758,"date":"2014-10-01T08:05:52","date_gmt":"2014-10-01T12:05:52","guid":{"rendered":"http:\/\/www.yungayino.cl\/noticias\/?p=11758"},"modified":"2014-10-01T08:14:20","modified_gmt":"2014-10-01T12:14:20","slug":"yungay-se-prepara-para-la-tradicional-fiesta-de-san-francisco","status":"publish","type":"post","link":"https:\/\/www.yungayino.cl\/noticias\/?p=11758","title":{"rendered":"Yungay se Prepara para la Tradicional \u00abFiesta de San Francisco\u00bb"},"content":{"rendered":"<p><a href=\"http:\/\/www.yungayino.cl\/noticias\/wp-content\/uploads\/2014\/10\/sanfrancisco_2014.jpg\"><img loading=\"lazy\" decoding=\"async\" class=\"alignnone size-full wp-image-11756\" src=\"http:\/\/www.yungayino.cl\/noticias\/wp-content\/uploads\/2014\/10\/sanfrancisco_2014.jpg\" alt=\"sanfrancisco_2014\" width=\"500\" height=\"129\" srcset=\"https:\/\/www.yungayino.cl\/noticias\/wp-content\/uploads\/2014\/10\/sanfrancisco_2014.jpg 500w, https:\/\/www.yungayino.cl\/noticias\/wp-content\/uploads\/2014\/10\/sanfrancisco_2014-300x77.jpg 300w\" sizes=\"auto, (max-width: 500px) 100vw, 500px\" \/><\/a><\/p>\n<p style=\"text-align: justify;\">En Yungay se preparan para la celebraci\u00f3n de la Tradicional \u201c<strong>\u201cFiesta de San Francisco\u201d <\/strong>en su d\u00e9cima\u00a0primera versi\u00f3n, la cu\u00e1l se ejecutar\u00e1 el pr\u00f3ximo domingo 05 de octubre a partir de las 11:00 horas en el Sector Los Laureles, comunidad rural distante a 15 Kil\u00f3metros de Yungay.<\/p>\n<p style=\"text-align: justify;\">Esta tradicional fiesta religiosa que se ha transmitido por generaciones en los sectores rurales, siendo introducida a Chile por religiosos espa\u00f1oles en honor a San Francisco de As\u00eds y donde Yungay no est\u00e1 ajena a esta festividad que busca pedir por una generosa cosecha de trigo, realizando una procesi\u00f3n en donde est\u00e1 la siembra, para terminar con la bendici\u00f3n y la puesta de cruces.<\/p>\n<p style=\"text-align: justify;\">Por otro lado el Club Deportivo Hurac\u00e1n encargados de la organizaci\u00f3n tendr\u00e1n en la ocasi\u00f3n para los yungayinos y visitantes un variado programa de actividades, donde destacan la m\u00fasica folcl\u00f3rica y cuecas interpretadas por el Conjunto <strong>\u201cAlbores de Lomas Coloradas\u201d <\/strong>de la Comuna de San Pedro de la Paz , tambi\u00e9n habr\u00e1 m\u00fasica ranchera tropical a cargo <strong>\u201cLos Tukas del Sur<\/strong>, <strong>\u201dLos Charros de Tucapel\u201d, \u201cLos Musicales de Huepil\u201d <\/strong>y elConjunto Folcl\u00f3rico<strong> \u201cMapuketran\u201c <\/strong>de Yungay<strong>, <\/strong>adem\u00e1s habr\u00e1n instalados stand con artesan\u00edas y productos de la zona, y para los amantes de los caballos se realizar\u00e1n carreras a la chilena.<\/p>\n<p style=\"text-align: justify;\">Finalmente la organizaci\u00f3n reitera su invitaci\u00f3n a toda la comunidad y visitantes a participar de esta tradicional fiesta religiosa, donde adem\u00e1s se dispondr\u00e1 de un casino que tendr\u00e1 una variedad de comidas t\u00edpicas como el asado de cordero, empanadas, tortillas, catuto etc.<\/p>\n<p style=\"text-align: justify;\">\u00a0<span style=\"text-decoration: underline;\"><strong>Programa XI Versi\u00f3n de la Fiesta de San Francisco 2014<\/strong><\/span><\/p>\n<p style=\"text-align: justify;\"><strong>11:00 Horas:<\/strong> Inauguraci\u00f3n XI Versi\u00f3n de la Fiesta de San Francisco 2014<\/p>\n<p style=\"text-align: justify;\"><strong>11:30 Horas:<\/strong> Recorrido de Autoridades para elecci\u00f3n de Mejor Stand T\u00edpico<\/p>\n<p style=\"text-align: justify;\"><strong>11:30 Horas.<\/strong> Inicio campeonato de Rayuela.<\/p>\n<p style=\"text-align: justify;\"><strong>12:00 Horas:<\/strong> Inicio Canto Popular.\u201dLos Musicales de Huepil\u201d<\/p>\n<p style=\"text-align: justify;\"><strong>13:30 Horas:<\/strong> Bendici\u00f3n de Cruces y Plegaria Campesina (Sacerdote)<\/p>\n<p style=\"text-align: justify;\">\u00a0<strong>14:30 Horas:<\/strong> Puesta de Cruz al trigo y Esquinazo Folcl\u00f3rico<\/p>\n<p style=\"text-align: justify;\">\u00a0<strong>15:00 Horas:<\/strong> Carreras a la Chilena<\/p>\n<p style=\"text-align: justify;\">\u00a0<strong>15:30 Horas:<\/strong> Premiaci\u00f3n Rayuela \/ Mejor Cruz y Stand \/ Catuto m\u00e1s Grande<\/p>\n<p style=\"text-align: justify;\"><strong>16:00 Horas:<\/strong> Canto Popular con \u201cAlbores de Lomas Coloradas\u201d, \u201cMapuketran\u201d, \u201cLos Tukas del Sur\u201d y \u201dLos Charros de Tucapel\u201d<\/p>\n<p style=\"text-align: justify;\"><strong>22:00 Horas:<\/strong> Cierre de actividades.<\/p>\n","protected":false},"excerpt":{"rendered":"<p>En Yungay se preparan para la celebraci\u00f3n de la Tradicional \u201c\u201cFiesta de San Francisco\u201d en su d\u00e9cima\u00a0primera versi\u00f3n, la cu\u00e1l se ejecutar\u00e1 el pr\u00f3ximo domingo 05 de octubre a partir de las 11:00 horas&#46;&#46;&#46;<\/p>\n","protected":false},"author":2,"featured_media":11756,"comment_status":"open","ping_status":"open","sticky":false,"template":"","format":"standard","meta":{"footnotes":""},"categories":[5,1,15],"tags":[76,1115,8,6],"class_list":["post-11758","post","type-post","status-publish","format-standard","has-post-thumbnail","hentry","category-eventos","category-noticias","category-turismo","tag-fiesta-san-francisco","tag-noticias","tag-yungay","tag-yungayino"],"_links":{"self":[{"href":"https:\/\/www.yungayino.cl\/noticias\/index.php?rest_route=\/wp\/v2\/posts\/11758","targetHints":{"allow":["GET"]}}],"collection":[{"href":"https:\/\/www.yungayino.cl\/noticias\/index.php?rest_route=\/wp\/v2\/posts"}],"about":[{"href":"https:\/\/www.yungayino.cl\/noticias\/index.php?rest_route=\/wp\/v2\/types\/post"}],"author":[{"embeddable":true,"href":"https:\/\/www.yungayino.cl\/noticias\/index.php?rest_route=\/wp\/v2\/users\/2"}],"replies":[{"embeddable":true,"href":"https:\/\/www.yungayino.cl\/noticias\/index.php?rest_route=%2Fwp%2Fv2%2Fcomments&post=11758"}],"version-history":[{"count":1,"href":"https:\/\/www.yungayino.cl\/noticias\/index.php?rest_route=\/wp\/v2\/posts\/11758\/revisions"}],"predecessor-version":[{"id":11759,"href":"https:\/\/www.yungayino.cl\/noticias\/index.php?rest_route=\/wp\/v2\/posts\/11758\/revisions\/11759"}],"wp:featuredmedia":[{"embeddable":true,"href":"https:\/\/www.yungayino.cl\/noticias\/index.php?rest_route=\/wp\/v2\/media\/11756"}],"wp:attachment":[{"href":"https:\/\/www.yungayino.cl\/noticias\/index.php?rest_route=%2Fwp%2Fv2%2Fmedia&parent=11758"}],"wp:term":[{"taxonomy":"category","embeddable":true,"href":"https:\/\/www.yungayino.cl\/noticias\/index.php?rest_route=%2Fwp%2Fv2%2Fcategories&post=11758"},{"taxonomy":"post_tag","embeddable":true,"href":"https:\/\/www.yungayino.cl\/noticias\/index.php?rest_route=%2Fwp%2Fv2%2Ftags&post=11758"}],"curies":[{"name":"wp","href":"https:\/\/api.w.org\/{rel}","templated":true}]}}