{"id":11782,"date":"2014-10-04T18:00:43","date_gmt":"2014-10-04T22:00:43","guid":{"rendered":"http:\/\/www.yungayino.cl\/noticias\/?p=11782"},"modified":"2014-10-04T22:45:21","modified_gmt":"2014-10-05T02:45:21","slug":"en-yungay-se-celebro-el-dia-del-hospital-2","status":"publish","type":"post","link":"https:\/\/www.yungayino.cl\/noticias\/?p=11782","title":{"rendered":"En Yungay se Celebr\u00f3 el \u201cD\u00eda del Hospital\u201d"},"content":{"rendered":"<p><a href=\"http:\/\/www.yungayino.cl\/noticias\/wp-content\/uploads\/2014\/10\/diahospital2014.jpg\"><img loading=\"lazy\" decoding=\"async\" class=\"alignnone size-full wp-image-11778\" src=\"http:\/\/www.yungayino.cl\/noticias\/wp-content\/uploads\/2014\/10\/diahospital2014.jpg\" alt=\"diahospital2014\" width=\"500\" height=\"300\" srcset=\"https:\/\/www.yungayino.cl\/noticias\/wp-content\/uploads\/2014\/10\/diahospital2014.jpg 500w, https:\/\/www.yungayino.cl\/noticias\/wp-content\/uploads\/2014\/10\/diahospital2014-300x180.jpg 300w, https:\/\/www.yungayino.cl\/noticias\/wp-content\/uploads\/2014\/10\/diahospital2014-250x150.jpg 250w\" sizes=\"auto, (max-width: 500px) 100vw, 500px\" \/><\/a><\/p>\n<p style=\"text-align: justify;\">Yungay, viernes 03 de octubre: En la Sala de Reuniones del Hospital Comunitario de Salud Familiar Pedro Morales Campos a partir de las 11:30 horas y con la entonaci\u00f3n del himno nacional se dio inicio al Acto Ceremonial Conmemorativo al \u201cD\u00eda del Hospital\u201d, el cu\u00e1l fue presidido por su Director Osvaldo Acevedo Gutierrez, y a la cu\u00e1l concurrieron el alcalde Pedro Inostroza, Alejandro Jim\u00e9nez, Director (s) Servicio de Salud \u00d1uble, Concejales, Carabineros, Bomberos, Funcionarios e invitados especiales.<\/p>\n<p style=\"text-align: justify;\">El Director Osvaldo Acevedo, agradeci\u00f3 el apoyo dado por los funcionarios y la comunidad durante este tiempo que ha cumplido su funci\u00f3n y destaco la labor que realiza el Hospital Comunitario de Salud Familiar Pedro Morales Campos y cada uno de sus funcionarios con el prop\u00f3sito de garantizar una buena calidad de salud para toda la comunidad.<\/p>\n<p style=\"text-align: justify;\">En el acto tambi\u00e9n fueron reconocidos los funcionarios con 25, 30 y 40 a\u00f1os de servicio dentro del recinto hospitalario, adem\u00e1s se premiaron a los \u201cMejores Compa\u00f1eros\u201d.<\/p>\n<p style=\"text-align: justify;\">Se\u00f1alar que la m\u00fasica tambi\u00e9n estuvo presente, a cargo del Grupo Musical de la Escuela Fernando Baquedano, compuesto por alumnos de 5\u00b0 y 6\u00b0 b\u00e1sico.<\/p>\n<p style=\"text-align: justify;\">Finalmente los presentes compartieron un coctel especialmente preparado para la ocasi\u00f3n en el casino del establecimiento hospitalario.<\/p>\n<p>[su_button url=\u00bbhttps:\/\/www.facebook.com\/media\/set\/?set=a.933995049948868.1073742299.159561284058919&amp;type=3&amp;uploaded=45&#8243; size=\u00bb4&#8243; radius=\u00bbround\u00bb icon=\u00bbicon: camera-retro\u00bb]Fotograf\u00edas &#8211; En Yungay se Celebr\u00f3 el \u201cD\u00eda del Hospital\u201d[\/su_button]<\/p>\n","protected":false},"excerpt":{"rendered":"<p>Yungay, viernes 03 de octubre: En la Sala de Reuniones del Hospital Comunitario de Salud Familiar Pedro Morales Campos a partir de las 11:30 horas y con la entonaci\u00f3n del himno nacional se dio&#46;&#46;&#46;<\/p>\n","protected":false},"author":2,"featured_media":11778,"comment_status":"open","ping_status":"open","sticky":false,"template":"","format":"standard","meta":{"footnotes":""},"categories":[1],"tags":[421,1115,8,6],"class_list":["post-11782","post","type-post","status-publish","format-standard","has-post-thumbnail","hentry","category-noticias","tag-hospital-de-yungay","tag-noticias","tag-yungay","tag-yungayino"],"_links":{"self":[{"href":"https:\/\/www.yungayino.cl\/noticias\/index.php?rest_route=\/wp\/v2\/posts\/11782","targetHints":{"allow":["GET"]}}],"collection":[{"href":"https:\/\/www.yungayino.cl\/noticias\/index.php?rest_route=\/wp\/v2\/posts"}],"about":[{"href":"https:\/\/www.yungayino.cl\/noticias\/index.php?rest_route=\/wp\/v2\/types\/post"}],"author":[{"embeddable":true,"href":"https:\/\/www.yungayino.cl\/noticias\/index.php?rest_route=\/wp\/v2\/users\/2"}],"replies":[{"embeddable":true,"href":"https:\/\/www.yungayino.cl\/noticias\/index.php?rest_route=%2Fwp%2Fv2%2Fcomments&post=11782"}],"version-history":[{"count":2,"href":"https:\/\/www.yungayino.cl\/noticias\/index.php?rest_route=\/wp\/v2\/posts\/11782\/revisions"}],"predecessor-version":[{"id":11789,"href":"https:\/\/www.yungayino.cl\/noticias\/index.php?rest_route=\/wp\/v2\/posts\/11782\/revisions\/11789"}],"wp:featuredmedia":[{"embeddable":true,"href":"https:\/\/www.yungayino.cl\/noticias\/index.php?rest_route=\/wp\/v2\/media\/11778"}],"wp:attachment":[{"href":"https:\/\/www.yungayino.cl\/noticias\/index.php?rest_route=%2Fwp%2Fv2%2Fmedia&parent=11782"}],"wp:term":[{"taxonomy":"category","embeddable":true,"href":"https:\/\/www.yungayino.cl\/noticias\/index.php?rest_route=%2Fwp%2Fv2%2Fcategories&post=11782"},{"taxonomy":"post_tag","embeddable":true,"href":"https:\/\/www.yungayino.cl\/noticias\/index.php?rest_route=%2Fwp%2Fv2%2Ftags&post=11782"}],"curies":[{"name":"wp","href":"https:\/\/api.w.org\/{rel}","templated":true}]}}