{"id":11793,"date":"2014-10-06T11:00:26","date_gmt":"2014-10-06T15:00:26","guid":{"rendered":"http:\/\/www.yungayino.cl\/noticias\/?p=11793"},"modified":"2014-11-09T21:21:17","modified_gmt":"2014-11-10T01:21:17","slug":"yungay-celebro-la-fiesta-de-san-francisco-2","status":"publish","type":"post","link":"https:\/\/www.yungayino.cl\/noticias\/?p=11793","title":{"rendered":"Yungay Celebr\u00f3 la \u201cFiesta de San Francisco\u201d"},"content":{"rendered":"<p style=\"text-align: justify;\"><a href=\"http:\/\/www.yungayino.cl\/noticias\/wp-content\/uploads\/2014\/10\/fiestasanfrancisco_2014.jpg\"><img loading=\"lazy\" decoding=\"async\" class=\"alignnone size-full wp-image-11796\" src=\"http:\/\/www.yungayino.cl\/noticias\/wp-content\/uploads\/2014\/10\/fiestasanfrancisco_2014.jpg\" alt=\"fiestasanfrancisco_2014\" width=\"500\" height=\"300\" srcset=\"https:\/\/www.yungayino.cl\/noticias\/wp-content\/uploads\/2014\/10\/fiestasanfrancisco_2014.jpg 500w, https:\/\/www.yungayino.cl\/noticias\/wp-content\/uploads\/2014\/10\/fiestasanfrancisco_2014-300x180.jpg 300w, https:\/\/www.yungayino.cl\/noticias\/wp-content\/uploads\/2014\/10\/fiestasanfrancisco_2014-250x150.jpg 250w\" sizes=\"auto, (max-width: 500px) 100vw, 500px\" \/><\/a><\/p>\n<p style=\"text-align: justify;\">Yungay, Domingo 05 de octubre 2014: Con gran \u00e9xito celebr\u00f3 en Yungay la d\u00e9cima primera versi\u00f3n de la <strong>\u201cFiesta de San Francisco\u201d<\/strong> en el sector rural de Los Laureles, y que estuvo organizada por el Club Deportivo Hurac\u00e1n.<\/p>\n<p style=\"text-align: justify;\">La tradicional fiesta comenz\u00f3 con la elecci\u00f3n del mejor Stand por parte del jurado que estuvo compuesto por el alcalde Pedro Inostroza, los concejales Marcos Cuevas, Rafael Cifuentes, Juan Quezada y Ang\u00e9lica Cabezas, para luego continuar con la bendici\u00f3n de las cruces, donde se pidi\u00f3 por una buena cosecha y para que se sigan manteniendo estas tradiciones en nuestra comuna.<\/p>\n<p style=\"text-align: justify;\">M\u00e1s tarde los presentes se trasladaron a la siembra del trigo, donde colocaron la tradicional cruz adornada y bailaron m\u00fasica folcl\u00f3rica interpretadas por los Conjuntos \u201cAlbores de Lomas Coloradas\u201d de la Comuna de San Pedro de la Paz, para luego compartir tortillas, catutos y ponche.<\/p>\n<p style=\"text-align: justify;\">Tambi\u00e9n hubo un variado programa musical, el cu\u00e1l este a\u00f1o cont\u00f3 con la participaci\u00f3n de los <strong>\u201cLos Tukas del Sur\u201d<\/strong><strong>, <\/strong><strong>\u201dLos Charros<\/strong><strong>de Tucapel\u201d, \u201cLos Musicales de Huepil\u201d<\/strong>y el Conjunto Folcl\u00f3rico<strong>\u201cMapuketran\u201c<\/strong>quienes mantuvieron durante toda la jornada al p\u00fablico participando y bailando.<\/p>\n<p style=\"text-align: justify;\">Tambi\u00e9n hubo deporte para los amantes de la rayuela, carreras a la chilena y una amplia variedad de atenci\u00f3n de casino donde los yungayinos y visitantes degustaron del tradicional asado de cordero, asado de chancho, empanadas, anticuchos, etc.<\/p>\n<p style=\"text-align: justify;\">[su_button url=\u00bbhttps:\/\/www.facebook.com\/media\/set\/?set=a.935295429818830.1073742308.159561284058919&amp;type=3&#8243; size=\u00bb4&#8243; radius=\u00bbround\u00bb icon=\u00bbicon: camera-retro\u00bb]Fotograf\u00edas &#8211; Yungay Celebr\u00f3 la \u201cFiesta de San Francisco\u201d[\/su_button]<\/p>\n","protected":false},"excerpt":{"rendered":"<p>Yungay, Domingo 05 de octubre 2014: Con gran \u00e9xito celebr\u00f3 en Yungay la d\u00e9cima primera versi\u00f3n de la \u201cFiesta de San Francisco\u201d en el sector rural de Los Laureles, y que estuvo organizada por&#46;&#46;&#46;<\/p>\n","protected":false},"author":2,"featured_media":11796,"comment_status":"open","ping_status":"open","sticky":false,"template":"","format":"standard","meta":{"footnotes":""},"categories":[5,1,15],"tags":[955,1115,8,6],"class_list":["post-11793","post","type-post","status-publish","format-standard","has-post-thumbnail","hentry","category-eventos","category-noticias","category-turismo","tag-fiesta-de-san-francisco","tag-noticias","tag-yungay","tag-yungayino"],"_links":{"self":[{"href":"https:\/\/www.yungayino.cl\/noticias\/index.php?rest_route=\/wp\/v2\/posts\/11793","targetHints":{"allow":["GET"]}}],"collection":[{"href":"https:\/\/www.yungayino.cl\/noticias\/index.php?rest_route=\/wp\/v2\/posts"}],"about":[{"href":"https:\/\/www.yungayino.cl\/noticias\/index.php?rest_route=\/wp\/v2\/types\/post"}],"author":[{"embeddable":true,"href":"https:\/\/www.yungayino.cl\/noticias\/index.php?rest_route=\/wp\/v2\/users\/2"}],"replies":[{"embeddable":true,"href":"https:\/\/www.yungayino.cl\/noticias\/index.php?rest_route=%2Fwp%2Fv2%2Fcomments&post=11793"}],"version-history":[{"count":3,"href":"https:\/\/www.yungayino.cl\/noticias\/index.php?rest_route=\/wp\/v2\/posts\/11793\/revisions"}],"predecessor-version":[{"id":11797,"href":"https:\/\/www.yungayino.cl\/noticias\/index.php?rest_route=\/wp\/v2\/posts\/11793\/revisions\/11797"}],"wp:featuredmedia":[{"embeddable":true,"href":"https:\/\/www.yungayino.cl\/noticias\/index.php?rest_route=\/wp\/v2\/media\/11796"}],"wp:attachment":[{"href":"https:\/\/www.yungayino.cl\/noticias\/index.php?rest_route=%2Fwp%2Fv2%2Fmedia&parent=11793"}],"wp:term":[{"taxonomy":"category","embeddable":true,"href":"https:\/\/www.yungayino.cl\/noticias\/index.php?rest_route=%2Fwp%2Fv2%2Fcategories&post=11793"},{"taxonomy":"post_tag","embeddable":true,"href":"https:\/\/www.yungayino.cl\/noticias\/index.php?rest_route=%2Fwp%2Fv2%2Ftags&post=11793"}],"curies":[{"name":"wp","href":"https:\/\/api.w.org\/{rel}","templated":true}]}}