{"id":11798,"date":"2014-10-06T20:00:43","date_gmt":"2014-10-07T00:00:43","guid":{"rendered":"http:\/\/www.yungayino.cl\/noticias\/?p=11798"},"modified":"2014-10-06T22:34:37","modified_gmt":"2014-10-07T02:34:37","slug":"colegio-nueva-esperanza-celebro-a-sus-asistentes-de-la-educacion","status":"publish","type":"post","link":"https:\/\/www.yungayino.cl\/noticias\/?p=11798","title":{"rendered":"Colegio Nueva Esperanza Celebr\u00f3 a sus Asistentes de la Educaci\u00f3n"},"content":{"rendered":"<p><a href=\"http:\/\/www.yungayino.cl\/noticias\/wp-content\/uploads\/2014\/10\/nuevaesperanza_201410.jpg\"><img loading=\"lazy\" decoding=\"async\" class=\"alignnone size-full wp-image-11799\" src=\"http:\/\/www.yungayino.cl\/noticias\/wp-content\/uploads\/2014\/10\/nuevaesperanza_201410.jpg\" alt=\"nuevaesperanza_201410\" width=\"500\" height=\"248\" srcset=\"https:\/\/www.yungayino.cl\/noticias\/wp-content\/uploads\/2014\/10\/nuevaesperanza_201410.jpg 500w, https:\/\/www.yungayino.cl\/noticias\/wp-content\/uploads\/2014\/10\/nuevaesperanza_201410-300x148.jpg 300w, https:\/\/www.yungayino.cl\/noticias\/wp-content\/uploads\/2014\/10\/nuevaesperanza_201410-302x150.jpg 302w\" sizes=\"auto, (max-width: 500px) 100vw, 500px\" \/><\/a><\/p>\n<p style=\"text-align: justify;\">Yungay, el pasado viernes 03 de octubre el Colegio Nueva Esperanza celebr\u00f3 a sus Asistentes de la Educaci\u00f3n, a trav\u00e9s de un desayuno entregado por el Centro General de Padres, que preside la se\u00f1ora Rosa Retamal. Tambi\u00e9n en la ocasi\u00f3n se realiz\u00f3 un acto en la multicancha de la Instituci\u00f3n. En dicho acto participaron alumnos, a trav\u00e9s de n\u00fameros art\u00edsticos de baile y canto, los profesores se presentaron con n\u00fameros humor\u00edsticos y teatrales y los apoderados con entrega de reconocimiento a los m\u00e1s de 25 asistentes del Colegio.<\/p>\n<p style=\"text-align: justify;\">En la ocasi\u00f3n tambi\u00e9n se entregaron presentes a los y las felicitadas en reconocimiento a su abnegada labor con los ni\u00f1os y ni\u00f1as del Colegio.<\/p>\n<p style=\"text-align: justify;\">La directora se\u00f1ora Sandra Correa Aedo, manifest\u00f3 en la celebraci\u00f3n la trascendental labor de apoyo a la gesti\u00f3n docente que realiza el personal paradocente y que junto a todas las personas que trabajan en la instituci\u00f3n, son un espejo para nuestros ni\u00f1os en el aprendizaje de valores esenciales para la vida, uno de los temas que m\u00e1s se preocupa el Colegio por fomentar.<\/p>\n<p style=\"text-align: justify;\">Finalmente tras la jornada, el equipo Directivo Paradocente comparti\u00f3 en un restor\u00e1n en la vecina comuna de Los \u00c1ngeles.<\/p>\n<p style=\"text-align: justify;\">[su_button url=\u00bbhttps:\/\/www.facebook.com\/nuevaesperanzayungay\/media_set?set=a.10201923222641088.1073741913.1799958013&amp;type=3&#8243; size=\u00bb4&#8243; radius=\u00bbround\u00bb icon=\u00bbicon: camera-retro\u00bb] Fotograf\u00edas &#8211; Colegio Nueva Esperanza Celebr\u00f3 a sus Asistentes de la Educaci\u00f3n [\/su_button]<\/p>\n","protected":false},"excerpt":{"rendered":"<p>Yungay, el pasado viernes 03 de octubre el Colegio Nueva Esperanza celebr\u00f3 a sus Asistentes de la Educaci\u00f3n, a trav\u00e9s de un desayuno entregado por el Centro General de Padres, que preside la se\u00f1ora&#46;&#46;&#46;<\/p>\n","protected":false},"author":2,"featured_media":11799,"comment_status":"open","ping_status":"open","sticky":false,"template":"","format":"standard","meta":{"footnotes":""},"categories":[1],"tags":[320,1115,8,6],"class_list":["post-11798","post","type-post","status-publish","format-standard","has-post-thumbnail","hentry","category-noticias","tag-colegio-nueva-esperanza","tag-noticias","tag-yungay","tag-yungayino"],"_links":{"self":[{"href":"https:\/\/www.yungayino.cl\/noticias\/index.php?rest_route=\/wp\/v2\/posts\/11798","targetHints":{"allow":["GET"]}}],"collection":[{"href":"https:\/\/www.yungayino.cl\/noticias\/index.php?rest_route=\/wp\/v2\/posts"}],"about":[{"href":"https:\/\/www.yungayino.cl\/noticias\/index.php?rest_route=\/wp\/v2\/types\/post"}],"author":[{"embeddable":true,"href":"https:\/\/www.yungayino.cl\/noticias\/index.php?rest_route=\/wp\/v2\/users\/2"}],"replies":[{"embeddable":true,"href":"https:\/\/www.yungayino.cl\/noticias\/index.php?rest_route=%2Fwp%2Fv2%2Fcomments&post=11798"}],"version-history":[{"count":1,"href":"https:\/\/www.yungayino.cl\/noticias\/index.php?rest_route=\/wp\/v2\/posts\/11798\/revisions"}],"predecessor-version":[{"id":11801,"href":"https:\/\/www.yungayino.cl\/noticias\/index.php?rest_route=\/wp\/v2\/posts\/11798\/revisions\/11801"}],"wp:featuredmedia":[{"embeddable":true,"href":"https:\/\/www.yungayino.cl\/noticias\/index.php?rest_route=\/wp\/v2\/media\/11799"}],"wp:attachment":[{"href":"https:\/\/www.yungayino.cl\/noticias\/index.php?rest_route=%2Fwp%2Fv2%2Fmedia&parent=11798"}],"wp:term":[{"taxonomy":"category","embeddable":true,"href":"https:\/\/www.yungayino.cl\/noticias\/index.php?rest_route=%2Fwp%2Fv2%2Fcategories&post=11798"},{"taxonomy":"post_tag","embeddable":true,"href":"https:\/\/www.yungayino.cl\/noticias\/index.php?rest_route=%2Fwp%2Fv2%2Ftags&post=11798"}],"curies":[{"name":"wp","href":"https:\/\/api.w.org\/{rel}","templated":true}]}}