{"id":11818,"date":"2014-10-09T10:00:04","date_gmt":"2014-10-09T14:00:04","guid":{"rendered":"http:\/\/www.yungayino.cl\/noticias\/?p=11818"},"modified":"2014-10-09T23:15:22","modified_gmt":"2014-10-10T03:15:22","slug":"en-yungay-se-realizo-ceremonia-de-finalizacion-de-la-primera-escuela-de-lideres-ambientales","status":"publish","type":"post","link":"https:\/\/www.yungayino.cl\/noticias\/?p=11818","title":{"rendered":"En Yungay se realiz\u00f3 Ceremonia de Finalizaci\u00f3n de la Primera Escuela de L\u00edderes Ambientales"},"content":{"rendered":"<p><a href=\"http:\/\/www.yungayino.cl\/noticias\/wp-content\/uploads\/2014\/10\/adecofi201410.jpg\"><img loading=\"lazy\" decoding=\"async\" class=\"alignnone size-full wp-image-11819\" src=\"http:\/\/www.yungayino.cl\/noticias\/wp-content\/uploads\/2014\/10\/adecofi201410.jpg\" alt=\"adecofi201410\" width=\"500\" height=\"292\" srcset=\"https:\/\/www.yungayino.cl\/noticias\/wp-content\/uploads\/2014\/10\/adecofi201410.jpg 500w, https:\/\/www.yungayino.cl\/noticias\/wp-content\/uploads\/2014\/10\/adecofi201410-300x175.jpg 300w, https:\/\/www.yungayino.cl\/noticias\/wp-content\/uploads\/2014\/10\/adecofi201410-256x150.jpg 256w\" sizes=\"auto, (max-width: 500px) 100vw, 500px\" \/><\/a><\/p>\n<p style=\"text-align: justify;\">Yungay, en las dependencias de la Biblioteca Municipal de nuestra comuna este mi\u00e9rcoles 8 de octubre 2014, la Agrupaci\u00f3n de Defensa y Conservaci\u00f3n de la Flora y Fauna de Yungay (AdecoffY) organiz\u00f3 la Ceremonia de finalizaci\u00f3n de la Primera Escuela de L\u00edderes Ambientales \u201cFortaleciendo la Educaci\u00f3n Ambiental en el Valle Templado\u201d, iniciativa financiada por el Instituto Nacional de la Juventud (INJUV). En la ocasi\u00f3n los Directores de los diferentes establecimientos educacionales de la comuna, firmaron el compromiso voluntario para conformar brigadas ambientales en sus respectivos colegios.<\/p>\n<p style=\"text-align: justify;\">Se\u00f1alar que en esta Primera Escuela de L\u00edderes Ambientales desarrollados en estos \u00faltimos meses en el Liceo T\u00e9cnico Profesional Campanario, Liceo A-17 Yungay, Colegio Cholgu\u00e1n y Colegio Divina Pastora, generaron un impacto de intervenci\u00f3n de 481 j\u00f3venes de la comuna de Yungay.<\/p>\n<p style=\"text-align: justify;\">\u00a0<strong><span style=\"text-decoration: underline;\">Principales Objetivos Desarrollados:<\/span><\/strong><\/p>\n<p style=\"text-align: justify;\">1. Capacitar sobre temas de Gesti\u00f3n Integral de Residuos S\u00f3lidos Domiciliarios y Participaci\u00f3n Ciudadana y las Leyes Ambientales a los j\u00f3venes estudiantes de ense\u00f1anza media de la comuna de Yungay para formar futuros l\u00edderes ambientales.<\/p>\n<p style=\"text-align: justify;\">2. Entregar herramientas de gesti\u00f3n ambiental local que permitan con el paso del tiempo implementar proyectos sustentables.<\/p>\n<p style=\"text-align: justify;\">3. Promover la participaci\u00f3n ciudadana en proceso de evaluaci\u00f3n ambiental de proyectos.<\/p>\n<p style=\"text-align: justify;\">4. Elaborar un diagn\u00f3stico sobre las problem\u00e1ticas ambientales locales y sus posibles soluciones.<\/p>\n<p style=\"text-align: justify;\">5. Incentivar la conformaci\u00f3n de Brigadas Ambientales en los establecimientos educacionales participantes de la Primera Escuela de L\u00edderes Ambientales.<\/p>\n<p style=\"text-align: justify;\">[su_button url=\u00bbhttps:\/\/www.facebook.com\/media\/set\/?set=a.937707496244290.1073742313.159561284058919&amp;type=3&amp;uploaded=30 \u00bb size=\u00bb4&#8243; radius=\u00bbround\u00bb icon=\u00bbicon: camera-retro\u00bb] Fotograf\u00edas &#8211; En Yungay se realiz\u00f3 Ceremonia de Finalizaci\u00f3n de la Primera Escuela de L\u00edderes Ambientales[\/su_button]<\/p>\n","protected":false},"excerpt":{"rendered":"<p>Yungay, en las dependencias de la Biblioteca Municipal de nuestra comuna este mi\u00e9rcoles 8 de octubre 2014, la Agrupaci\u00f3n de Defensa y Conservaci\u00f3n de la Flora y Fauna de Yungay (AdecoffY) organiz\u00f3 la Ceremonia&#46;&#46;&#46;<\/p>\n","protected":false},"author":2,"featured_media":11819,"comment_status":"open","ping_status":"open","sticky":false,"template":"","format":"standard","meta":{"footnotes":""},"categories":[1],"tags":[957,523,1115,8,6],"class_list":["post-11818","post","type-post","status-publish","format-standard","has-post-thumbnail","hentry","category-noticias","tag-adecofi","tag-agrupacion-de-defensa-y-conservacion-de-la-flora-y-fauna-del-valle-templado","tag-noticias","tag-yungay","tag-yungayino"],"_links":{"self":[{"href":"https:\/\/www.yungayino.cl\/noticias\/index.php?rest_route=\/wp\/v2\/posts\/11818","targetHints":{"allow":["GET"]}}],"collection":[{"href":"https:\/\/www.yungayino.cl\/noticias\/index.php?rest_route=\/wp\/v2\/posts"}],"about":[{"href":"https:\/\/www.yungayino.cl\/noticias\/index.php?rest_route=\/wp\/v2\/types\/post"}],"author":[{"embeddable":true,"href":"https:\/\/www.yungayino.cl\/noticias\/index.php?rest_route=\/wp\/v2\/users\/2"}],"replies":[{"embeddable":true,"href":"https:\/\/www.yungayino.cl\/noticias\/index.php?rest_route=%2Fwp%2Fv2%2Fcomments&post=11818"}],"version-history":[{"count":4,"href":"https:\/\/www.yungayino.cl\/noticias\/index.php?rest_route=\/wp\/v2\/posts\/11818\/revisions"}],"predecessor-version":[{"id":11823,"href":"https:\/\/www.yungayino.cl\/noticias\/index.php?rest_route=\/wp\/v2\/posts\/11818\/revisions\/11823"}],"wp:featuredmedia":[{"embeddable":true,"href":"https:\/\/www.yungayino.cl\/noticias\/index.php?rest_route=\/wp\/v2\/media\/11819"}],"wp:attachment":[{"href":"https:\/\/www.yungayino.cl\/noticias\/index.php?rest_route=%2Fwp%2Fv2%2Fmedia&parent=11818"}],"wp:term":[{"taxonomy":"category","embeddable":true,"href":"https:\/\/www.yungayino.cl\/noticias\/index.php?rest_route=%2Fwp%2Fv2%2Fcategories&post=11818"},{"taxonomy":"post_tag","embeddable":true,"href":"https:\/\/www.yungayino.cl\/noticias\/index.php?rest_route=%2Fwp%2Fv2%2Ftags&post=11818"}],"curies":[{"name":"wp","href":"https:\/\/api.w.org\/{rel}","templated":true}]}}