{"id":11824,"date":"2014-10-09T19:00:31","date_gmt":"2014-10-09T23:00:31","guid":{"rendered":"http:\/\/www.yungayino.cl\/noticias\/?p=11824"},"modified":"2014-10-10T07:15:35","modified_gmt":"2014-10-10T11:15:35","slug":"biblioteca-publica-de-yungay-inaugura-exposicion-colecciones-cientificas-de-la-facultad-de-ciencias-naturales-y-oceanograficas-de-la-universidad-de-concepcion","status":"publish","type":"post","link":"https:\/\/www.yungayino.cl\/noticias\/?p=11824","title":{"rendered":"Biblioteca P\u00fablica de Yungay Inaugura Exposici\u00f3n \u201cColecciones Cient\u00edficas de la Facultad de Ciencias Naturales y Oceanogr\u00e1ficas de la Universidad de Concepci\u00f3n\u201d"},"content":{"rendered":"<p><a href=\"http:\/\/www.yungayino.cl\/noticias\/wp-content\/uploads\/2014\/10\/bibliotecaexposicionanimales201410.jpg\"><img loading=\"lazy\" decoding=\"async\" class=\"alignnone size-full wp-image-11825\" src=\"http:\/\/www.yungayino.cl\/noticias\/wp-content\/uploads\/2014\/10\/bibliotecaexposicionanimales201410.jpg\" alt=\"bibliotecaexposicionanimales201410\" width=\"500\" height=\"300\" srcset=\"https:\/\/www.yungayino.cl\/noticias\/wp-content\/uploads\/2014\/10\/bibliotecaexposicionanimales201410.jpg 500w, https:\/\/www.yungayino.cl\/noticias\/wp-content\/uploads\/2014\/10\/bibliotecaexposicionanimales201410-300x180.jpg 300w, https:\/\/www.yungayino.cl\/noticias\/wp-content\/uploads\/2014\/10\/bibliotecaexposicionanimales201410-250x150.jpg 250w\" sizes=\"auto, (max-width: 500px) 100vw, 500px\" \/><\/a><\/p>\n<p style=\"text-align: justify;\">Yungay, este mi\u00e9rcoles 08 de octubre 2014, se llevo a cabo la ceremonia y tradicional corte de cinta que da por inaugurada la Exposici\u00f3n \u201cColecciones Cient\u00edficas de la Facultad de Ciencias Naturales y Oceanogr\u00e1ficas de la Universidad de Concepci\u00f3n\u201d, como parte de las actividades a realizar en su aniversario la Biblioteca P\u00fablica de nuestra comuna.<\/p>\n<p style=\"text-align: justify;\">Destacar que la exposici\u00f3n estar\u00e1 disponible durante todo el mes de octubre en horario de 09:00 a 13:00 y de 14:00 a 19:00 horas, la cual contempla la exhibici\u00f3n de animales disecados, una colecci\u00f3n del Herbario (Bot\u00e1nica), una de las m\u00e1s grandes de Chile.<\/p>\n<p style=\"text-align: justify;\">Finalmente mencionar que estuvo presente la Jefa Daem, Eugenia L\u00f3pez, el Jefe de Gabinete Municipal, Juan L\u00f3pez, autoridades locales e invitados especiales.<\/p>\n<p style=\"text-align: justify;\">[su_button url=\u00bbhttps:\/\/www.facebook.com\/media\/set\/?set=a.937889812892725.1073742314.159561284058919&amp;type=3&amp;uploaded=47&#8243; size=\u00bb4&#8243; radius=\u00bbround\u00bb icon=\u00bbicon: camera-retro\u00bb]Fotograf\u00edas &#8211; Biblioteca P\u00fablica de Yungay Inaugura Exposici\u00f3n \u201cColecciones Cient\u00edficas de la Facultad de Ciencias Naturales y Oceanogr\u00e1ficas de la Universidad de Concepci\u00f3n\u201d[\/su_button]<\/p>\n","protected":false},"excerpt":{"rendered":"<p>Yungay, este mi\u00e9rcoles 08 de octubre 2014, se llevo a cabo la ceremonia y tradicional corte de cinta que da por inaugurada la Exposici\u00f3n \u201cColecciones Cient\u00edficas de la Facultad de Ciencias Naturales y Oceanogr\u00e1ficas&#46;&#46;&#46;<\/p>\n","protected":false},"author":2,"featured_media":11825,"comment_status":"open","ping_status":"open","sticky":false,"template":"","format":"standard","meta":{"footnotes":""},"categories":[1],"tags":[453,959,958,1115,8,6],"class_list":["post-11824","post","type-post","status-publish","format-standard","has-post-thumbnail","hentry","category-noticias","tag-biblioteca-yungay","tag-blioteca-yungay","tag-exposicion-biblioteca","tag-noticias","tag-yungay","tag-yungayino"],"_links":{"self":[{"href":"https:\/\/www.yungayino.cl\/noticias\/index.php?rest_route=\/wp\/v2\/posts\/11824","targetHints":{"allow":["GET"]}}],"collection":[{"href":"https:\/\/www.yungayino.cl\/noticias\/index.php?rest_route=\/wp\/v2\/posts"}],"about":[{"href":"https:\/\/www.yungayino.cl\/noticias\/index.php?rest_route=\/wp\/v2\/types\/post"}],"author":[{"embeddable":true,"href":"https:\/\/www.yungayino.cl\/noticias\/index.php?rest_route=\/wp\/v2\/users\/2"}],"replies":[{"embeddable":true,"href":"https:\/\/www.yungayino.cl\/noticias\/index.php?rest_route=%2Fwp%2Fv2%2Fcomments&post=11824"}],"version-history":[{"count":3,"href":"https:\/\/www.yungayino.cl\/noticias\/index.php?rest_route=\/wp\/v2\/posts\/11824\/revisions"}],"predecessor-version":[{"id":11828,"href":"https:\/\/www.yungayino.cl\/noticias\/index.php?rest_route=\/wp\/v2\/posts\/11824\/revisions\/11828"}],"wp:featuredmedia":[{"embeddable":true,"href":"https:\/\/www.yungayino.cl\/noticias\/index.php?rest_route=\/wp\/v2\/media\/11825"}],"wp:attachment":[{"href":"https:\/\/www.yungayino.cl\/noticias\/index.php?rest_route=%2Fwp%2Fv2%2Fmedia&parent=11824"}],"wp:term":[{"taxonomy":"category","embeddable":true,"href":"https:\/\/www.yungayino.cl\/noticias\/index.php?rest_route=%2Fwp%2Fv2%2Fcategories&post=11824"},{"taxonomy":"post_tag","embeddable":true,"href":"https:\/\/www.yungayino.cl\/noticias\/index.php?rest_route=%2Fwp%2Fv2%2Ftags&post=11824"}],"curies":[{"name":"wp","href":"https:\/\/api.w.org\/{rel}","templated":true}]}}