{"id":11829,"date":"2014-10-10T12:00:33","date_gmt":"2014-10-10T16:00:33","guid":{"rendered":"http:\/\/www.yungayino.cl\/noticias\/?p=11829"},"modified":"2014-10-10T13:57:10","modified_gmt":"2014-10-10T17:57:10","slug":"un-total-de-47-estudiantes-yungayinos-recibieron-beca-presidente-de-la-republica","status":"publish","type":"post","link":"https:\/\/www.yungayino.cl\/noticias\/?p=11829","title":{"rendered":"Un total de 47 Estudiantes Yungayinos Recibieron Beca Presidente de la Rep\u00fablica"},"content":{"rendered":"<p><a href=\"http:\/\/www.yungayino.cl\/noticias\/wp-content\/uploads\/2014\/10\/becapresidente2014.jpg\"><img loading=\"lazy\" decoding=\"async\" class=\"alignnone size-full wp-image-11830\" src=\"http:\/\/www.yungayino.cl\/noticias\/wp-content\/uploads\/2014\/10\/becapresidente2014.jpg\" alt=\"becapresidente2014\" width=\"500\" height=\"300\" srcset=\"https:\/\/www.yungayino.cl\/noticias\/wp-content\/uploads\/2014\/10\/becapresidente2014.jpg 500w, https:\/\/www.yungayino.cl\/noticias\/wp-content\/uploads\/2014\/10\/becapresidente2014-300x180.jpg 300w, https:\/\/www.yungayino.cl\/noticias\/wp-content\/uploads\/2014\/10\/becapresidente2014-250x150.jpg 250w\" sizes=\"auto, (max-width: 500px) 100vw, 500px\" \/><\/a><\/p>\n<p style=\"text-align: justify;\">Yungay, jueves 09 de octubre 2014: Un total de 47 estudiantes yungayinos de Educaci\u00f3n Media recibieron su diploma que los transforma oficialmente en beneficiarios de la beca Presidente de la Rep\u00fablica.<\/p>\n<p style=\"text-align: justify;\">La ceremonia se realiz\u00f3 en la Biblioteca P\u00fablica, hasta donde llegaronla Directora Regional de la JUNAEB B\u00edob\u00edo, Karina Silva, el alcalde Pedro Inostroza, adem\u00e1s de concejales, directores, padres, apoderados y estudiantes.<\/p>\n<p style=\"text-align: justify;\">El beneficio que consiste en un pago de 0,62 UTM, que corresponden a $26.308 pagados en 10 cuotas durante el a\u00f1o, y para optar a esto, los estudiantes demostraron tener un promedio m\u00ednimo de notas de 6.0 y acreditar documentalmente una situaci\u00f3n econ\u00f3mica vulnerable.<\/p>\n<p style=\"text-align: justify;\">El alcalde Pedro Valenzuela, saludo y felicit\u00f3 a los estudiantes y sus familias, record\u00f3 c\u00f3mo ha aumentado este beneficio en la comuna en el \u00faltimo tiempo, cada a\u00f1os son m\u00e1s, agradeci\u00f3 al gobierno por preocuparse y entregar estas becas y reconocer el trabajo de los j\u00f3venes, que con mucho estudio se han hecho beneficiarios de ellas, dijo \u201cquien m\u00e1s se preocupa y estudia, m\u00e1s va a sobresalir y lograr los objetivos que se han trazado para su futuro\u201d.<\/p>\n<p style=\"text-align: justify;\">Romina Contreras, alumna del Liceo A-17, expuso a los presentes su experiencia de poder contar con la Beca Presidentes de la Rep\u00fablica.<\/p>\n<p style=\"text-align: justify;\">[su_button url=\u00bbhttps:\/\/www.facebook.com\/media\/set\/?set=a.938107749537598.1073742315.159561284058919&amp;type=3&amp;uploaded=62&#8243; size=\u00bb4&#8243; radius=\u00bbround\u00bb icon=\u00bbicon: camera-retro\u00bb]Fotograf\u00edas &#8211; Un total de 47 Estudiantes Yungayinos Recibieron Beca Presidente de la Rep\u00fablica[\/su_button]<\/p>\n","protected":false},"excerpt":{"rendered":"<p>Yungay, jueves 09 de octubre 2014: Un total de 47 estudiantes yungayinos de Educaci\u00f3n Media recibieron su diploma que los transforma oficialmente en beneficiarios de la beca Presidente de la Rep\u00fablica. La ceremonia se&#46;&#46;&#46;<\/p>\n","protected":false},"author":2,"featured_media":11830,"comment_status":"open","ping_status":"open","sticky":false,"template":"","format":"standard","meta":{"footnotes":""},"categories":[1],"tags":[960,1115,8,6],"class_list":["post-11829","post","type-post","status-publish","format-standard","has-post-thumbnail","hentry","category-noticias","tag-beca-presidente-de-la-republica","tag-noticias","tag-yungay","tag-yungayino"],"_links":{"self":[{"href":"https:\/\/www.yungayino.cl\/noticias\/index.php?rest_route=\/wp\/v2\/posts\/11829","targetHints":{"allow":["GET"]}}],"collection":[{"href":"https:\/\/www.yungayino.cl\/noticias\/index.php?rest_route=\/wp\/v2\/posts"}],"about":[{"href":"https:\/\/www.yungayino.cl\/noticias\/index.php?rest_route=\/wp\/v2\/types\/post"}],"author":[{"embeddable":true,"href":"https:\/\/www.yungayino.cl\/noticias\/index.php?rest_route=\/wp\/v2\/users\/2"}],"replies":[{"embeddable":true,"href":"https:\/\/www.yungayino.cl\/noticias\/index.php?rest_route=%2Fwp%2Fv2%2Fcomments&post=11829"}],"version-history":[{"count":2,"href":"https:\/\/www.yungayino.cl\/noticias\/index.php?rest_route=\/wp\/v2\/posts\/11829\/revisions"}],"predecessor-version":[{"id":11832,"href":"https:\/\/www.yungayino.cl\/noticias\/index.php?rest_route=\/wp\/v2\/posts\/11829\/revisions\/11832"}],"wp:featuredmedia":[{"embeddable":true,"href":"https:\/\/www.yungayino.cl\/noticias\/index.php?rest_route=\/wp\/v2\/media\/11830"}],"wp:attachment":[{"href":"https:\/\/www.yungayino.cl\/noticias\/index.php?rest_route=%2Fwp%2Fv2%2Fmedia&parent=11829"}],"wp:term":[{"taxonomy":"category","embeddable":true,"href":"https:\/\/www.yungayino.cl\/noticias\/index.php?rest_route=%2Fwp%2Fv2%2Fcategories&post=11829"},{"taxonomy":"post_tag","embeddable":true,"href":"https:\/\/www.yungayino.cl\/noticias\/index.php?rest_route=%2Fwp%2Fv2%2Ftags&post=11829"}],"curies":[{"name":"wp","href":"https:\/\/api.w.org\/{rel}","templated":true}]}}