{"id":11841,"date":"2014-10-16T12:00:12","date_gmt":"2014-10-16T16:00:12","guid":{"rendered":"http:\/\/www.yungayino.cl\/noticias\/?p=11841"},"modified":"2014-10-16T13:31:13","modified_gmt":"2014-10-16T17:31:13","slug":"escuela-fernando-baquedano-realiza-acto-comunal-del-natalicio-del-general-jose-miguel-carrera","status":"publish","type":"post","link":"https:\/\/www.yungayino.cl\/noticias\/?p=11841","title":{"rendered":"Escuela Fernando Baquedano Realiza Acto Comunal del Natalicio del General \u201cJos\u00e9 Miguel Carrera\u201d"},"content":{"rendered":"<p><a href=\"http:\/\/www.yungayino.cl\/noticias\/wp-content\/uploads\/2014\/10\/josemiguelcarrera201410.jpg\"><img loading=\"lazy\" decoding=\"async\" class=\"alignnone size-full wp-image-11842\" src=\"http:\/\/www.yungayino.cl\/noticias\/wp-content\/uploads\/2014\/10\/josemiguelcarrera201410.jpg\" alt=\"josemiguelcarrera201410\" width=\"500\" height=\"300\" srcset=\"https:\/\/www.yungayino.cl\/noticias\/wp-content\/uploads\/2014\/10\/josemiguelcarrera201410.jpg 500w, https:\/\/www.yungayino.cl\/noticias\/wp-content\/uploads\/2014\/10\/josemiguelcarrera201410-300x180.jpg 300w, https:\/\/www.yungayino.cl\/noticias\/wp-content\/uploads\/2014\/10\/josemiguelcarrera201410-250x150.jpg 250w\" sizes=\"auto, (max-width: 500px) 100vw, 500px\" \/><\/a><\/p>\n<p style=\"text-align: justify;\">Yungay, jueves 16 de octubre 2014: La Escuela Fernando Baquedano realiz\u00f3 en las dependencias de la Biblioteca P\u00fablica Oreste Montero un acto comunal con motivo del natalicio del General \u201cJos\u00e9 Miguel Carrera Verdugo\u201d.<\/p>\n<p style=\"text-align: justify;\">Recordar que el General \u201cJos\u00e9 Miguel Carrera Verdugo\u201d fue uno de los personajes m\u00e1s interesantes de la historia de la independencia de Chile, fue art\u00edfice de la creaci\u00f3n del primer peri\u00f3dico de Chile, de la biblioteca nacional y del Reglamento Constitucional de 1812, entre otras obras.<\/p>\n<p style=\"text-align: justify;\">Durante el acto se realizo una rese\u00f1a hist\u00f3rica por parte de la docente Macarena Anabal\u00f3n, adem\u00e1s de poes\u00eda, n\u00fameros art\u00edsticos con la participaci\u00f3n de los alumnos.<\/p>\n<p style=\"text-align: justify;\">Se\u00f1alar que la actividad estuvo encabezada por el alcalde Pedro Inostroza Valenzuela, el Director Carlos Fernando Palacios, Concejales, alumnos y directores de los diferentes establecimientos de la comuna, apoderados y p\u00fablico en general.<\/p>\n<p style=\"text-align: justify;\">El edil de la comuna manifest\u00f3 sus felicitaciones a la comunidad escolar de la Escuela Fernando Baquedano por este hermoso acto y destac\u00f3 la participaci\u00f3n de los j\u00f3venes.<\/p>\n<p style=\"text-align: justify;\">Por su parte la Presidenta del Centro de Padres Isabel Fern\u00e1ndez, expreso que el acto estuvo muy bonito, ya que los alumnos se destacaron con la participaci\u00f3n y valor\u00f3 el rescate de los personajes de nuestras historias con este tipo de evento comunal.<\/p>\n<p style=\"text-align: justify;\">Finalmente el Director Carlos Fernando Palacios destac\u00f3 que esta actividad esta inserta dentro de las efem\u00e9rides del Ministerio de Educaci\u00f3n para conmemorar a los m\u00e1ximos l\u00edderes de nuestra Independencia, donde Jos\u00e9 Miguel Carrera fue uno de ellos, adem\u00e1s destac\u00f3 la participaci\u00f3n de los alumnos donde demostraron sus potenciales en esta actividad.<\/p>\n<p>[su_button url=\u00bbhttps:\/\/www.facebook.com\/media\/set\/?set=a.942001712481535.1073742317.159561284058919&amp;type=3&amp;uploaded=38&#8243; size=\u00bb4&#8243; radius=\u00bbround\u00bb icon=\u00bbicon: camera-retro\u00bb]Fotograf\u00edas &#8211; Escuela Fernando Baquedano Realiza Acto Comunal del Natalicio del General \u201cJos\u00e9 Miguel Carrera\u201d [\/su_button]<\/p>\n","protected":false},"excerpt":{"rendered":"<p>Yungay, jueves 16 de octubre 2014: La Escuela Fernando Baquedano realiz\u00f3 en las dependencias de la Biblioteca P\u00fablica Oreste Montero un acto comunal con motivo del natalicio del General \u201cJos\u00e9 Miguel Carrera Verdugo\u201d. Recordar&#46;&#46;&#46;<\/p>\n","protected":false},"author":2,"featured_media":11842,"comment_status":"open","ping_status":"open","sticky":false,"template":"","format":"standard","meta":{"footnotes":""},"categories":[1],"tags":[190,961,1115,8,6],"class_list":["post-11841","post","type-post","status-publish","format-standard","has-post-thumbnail","hentry","category-noticias","tag-escuela-fernando-baquedano","tag-jose-miguel-carrera","tag-noticias","tag-yungay","tag-yungayino"],"_links":{"self":[{"href":"https:\/\/www.yungayino.cl\/noticias\/index.php?rest_route=\/wp\/v2\/posts\/11841","targetHints":{"allow":["GET"]}}],"collection":[{"href":"https:\/\/www.yungayino.cl\/noticias\/index.php?rest_route=\/wp\/v2\/posts"}],"about":[{"href":"https:\/\/www.yungayino.cl\/noticias\/index.php?rest_route=\/wp\/v2\/types\/post"}],"author":[{"embeddable":true,"href":"https:\/\/www.yungayino.cl\/noticias\/index.php?rest_route=\/wp\/v2\/users\/2"}],"replies":[{"embeddable":true,"href":"https:\/\/www.yungayino.cl\/noticias\/index.php?rest_route=%2Fwp%2Fv2%2Fcomments&post=11841"}],"version-history":[{"count":2,"href":"https:\/\/www.yungayino.cl\/noticias\/index.php?rest_route=\/wp\/v2\/posts\/11841\/revisions"}],"predecessor-version":[{"id":11844,"href":"https:\/\/www.yungayino.cl\/noticias\/index.php?rest_route=\/wp\/v2\/posts\/11841\/revisions\/11844"}],"wp:featuredmedia":[{"embeddable":true,"href":"https:\/\/www.yungayino.cl\/noticias\/index.php?rest_route=\/wp\/v2\/media\/11842"}],"wp:attachment":[{"href":"https:\/\/www.yungayino.cl\/noticias\/index.php?rest_route=%2Fwp%2Fv2%2Fmedia&parent=11841"}],"wp:term":[{"taxonomy":"category","embeddable":true,"href":"https:\/\/www.yungayino.cl\/noticias\/index.php?rest_route=%2Fwp%2Fv2%2Fcategories&post=11841"},{"taxonomy":"post_tag","embeddable":true,"href":"https:\/\/www.yungayino.cl\/noticias\/index.php?rest_route=%2Fwp%2Fv2%2Ftags&post=11841"}],"curies":[{"name":"wp","href":"https:\/\/api.w.org\/{rel}","templated":true}]}}