{"id":11856,"date":"2014-10-20T12:15:22","date_gmt":"2014-10-20T16:15:22","guid":{"rendered":"http:\/\/www.yungayino.cl\/noticias\/?p=11856"},"modified":"2014-10-20T12:15:22","modified_gmt":"2014-10-20T16:15:22","slug":"comunidad-de-pangal-del-laja-realizo-festival-de-la-callampa","status":"publish","type":"post","link":"https:\/\/www.yungayino.cl\/noticias\/?p=11856","title":{"rendered":"Comunidad de Pangal del Laja Realiz\u00f3 Festival de la Callampa"},"content":{"rendered":"<p><a href=\"http:\/\/www.yungayino.cl\/noticias\/wp-content\/uploads\/2014\/10\/fiestadelacallampa201410.jpg\"><img loading=\"lazy\" decoding=\"async\" class=\"alignnone size-full wp-image-11857\" src=\"http:\/\/www.yungayino.cl\/noticias\/wp-content\/uploads\/2014\/10\/fiestadelacallampa201410.jpg\" alt=\"fiestadelacallampa201410\" width=\"500\" height=\"300\" srcset=\"https:\/\/www.yungayino.cl\/noticias\/wp-content\/uploads\/2014\/10\/fiestadelacallampa201410.jpg 500w, https:\/\/www.yungayino.cl\/noticias\/wp-content\/uploads\/2014\/10\/fiestadelacallampa201410-300x180.jpg 300w, https:\/\/www.yungayino.cl\/noticias\/wp-content\/uploads\/2014\/10\/fiestadelacallampa201410-250x150.jpg 250w\" sizes=\"auto, (max-width: 500px) 100vw, 500px\" \/><\/a><\/p>\n<p style=\"text-align: justify;\">Yungay, lunes 20 de octubre 2014: La Junta de Vecinos de Pangal del Laja realiz\u00f3 este s\u00e1bado 18 y domingo 19, en el Centro Deportivo y Recreativo \u201cEl Festival de la Callampa\u201d, al cu\u00e1l asistieron una gran cantidad de vecinos y visitantes para apoyar el rescate de esta tradicional y silenciosa labor de recolecci\u00f3n de callampas que se realiza en los bosques de la zona Pangalina.<\/p>\n<p style=\"text-align: justify;\">Durante estos dos d\u00edas de fiesta el p\u00fablico que asisti\u00f3 pudo disfrutar de platos preparados con base de salsas de callampas, adem\u00e1s de otros ricos alimentos como las empanadas, champi\u00f1ones fritos, etc.<\/p>\n<p style=\"text-align: justify;\">Destacar que en ambas jornadas se cont\u00f3 con la presentaci\u00f3n del grupo \u201cLos Cumbancheros\u201d de Yungay y \u201cLos Primos del Sur\u201d de Huepil, quienes con su alegre m\u00fasica hicieron bailar a los presentes. Tambi\u00e9n hubo elecci\u00f3n de la reina y rey, donde fueron elegidos la se\u00f1ora Ruth Mart\u00ednez y Jos\u00e9 Luis Campos, adem\u00e1s en la ocasi\u00f3n se hizo reconocimiento a personas y socios que colaboraron para que se realizara esta fiesta que concluy\u00f3 con grandes carreras a la chilena.<\/p>\n<p style=\"text-align: justify;\">Finalmente el Presidente de la Junta de Vecinos de Pangal del Laja, Juan Ignacio Campos agradeci\u00f3 a nuestro Equipo del Portal Yungayino.cl, por el apoyo dado en la difusi\u00f3n de esta gran actividad y reiter\u00f3 sus agradecimientos al municipio y a todos quienes de una u otra manera apoyaron para que esto resultara bien y manifest\u00f3 que en el futuro seguir\u00e1n realizando m\u00e1s actividades en beneficio de la Comunidad de Pangal del Laja y del rescate de la tradiciones campesinas.<\/p>\n<p style=\"text-align: justify;\">[su_button url=\u00bbhttps:\/\/www.facebook.com\/media\/set\/?set=a.944226232259083.1073742321.159561284058919&amp;type=3&amp;uploaded=7&#8243; size=\u00bb4&#8243; radius=\u00bbround\u00bb icon=\u00bbicon: camera-retro\u00bb]Fotograf\u00edas &#8211; Comunidad de Pangal del Laja Realiz\u00f3 Festival de la Callampa[\/su_button]<\/p>\n","protected":false},"excerpt":{"rendered":"<p>Yungay, lunes 20 de octubre 2014: La Junta de Vecinos de Pangal del Laja realiz\u00f3 este s\u00e1bado 18 y domingo 19, en el Centro Deportivo y Recreativo \u201cEl Festival de la Callampa\u201d, al cu\u00e1l&#46;&#46;&#46;<\/p>\n","protected":false},"author":2,"featured_media":11857,"comment_status":"open","ping_status":"open","sticky":false,"template":"","format":"standard","meta":{"footnotes":""},"categories":[1],"tags":[962,1115,426,8,6],"class_list":["post-11856","post","type-post","status-publish","format-standard","has-post-thumbnail","hentry","category-noticias","tag-festival-de-la-callampa","tag-noticias","tag-pangal-de-laja","tag-yungay","tag-yungayino"],"_links":{"self":[{"href":"https:\/\/www.yungayino.cl\/noticias\/index.php?rest_route=\/wp\/v2\/posts\/11856","targetHints":{"allow":["GET"]}}],"collection":[{"href":"https:\/\/www.yungayino.cl\/noticias\/index.php?rest_route=\/wp\/v2\/posts"}],"about":[{"href":"https:\/\/www.yungayino.cl\/noticias\/index.php?rest_route=\/wp\/v2\/types\/post"}],"author":[{"embeddable":true,"href":"https:\/\/www.yungayino.cl\/noticias\/index.php?rest_route=\/wp\/v2\/users\/2"}],"replies":[{"embeddable":true,"href":"https:\/\/www.yungayino.cl\/noticias\/index.php?rest_route=%2Fwp%2Fv2%2Fcomments&post=11856"}],"version-history":[{"count":2,"href":"https:\/\/www.yungayino.cl\/noticias\/index.php?rest_route=\/wp\/v2\/posts\/11856\/revisions"}],"predecessor-version":[{"id":11859,"href":"https:\/\/www.yungayino.cl\/noticias\/index.php?rest_route=\/wp\/v2\/posts\/11856\/revisions\/11859"}],"wp:featuredmedia":[{"embeddable":true,"href":"https:\/\/www.yungayino.cl\/noticias\/index.php?rest_route=\/wp\/v2\/media\/11857"}],"wp:attachment":[{"href":"https:\/\/www.yungayino.cl\/noticias\/index.php?rest_route=%2Fwp%2Fv2%2Fmedia&parent=11856"}],"wp:term":[{"taxonomy":"category","embeddable":true,"href":"https:\/\/www.yungayino.cl\/noticias\/index.php?rest_route=%2Fwp%2Fv2%2Fcategories&post=11856"},{"taxonomy":"post_tag","embeddable":true,"href":"https:\/\/www.yungayino.cl\/noticias\/index.php?rest_route=%2Fwp%2Fv2%2Ftags&post=11856"}],"curies":[{"name":"wp","href":"https:\/\/api.w.org\/{rel}","templated":true}]}}