{"id":11900,"date":"2014-10-24T13:00:41","date_gmt":"2014-10-24T17:00:41","guid":{"rendered":"http:\/\/www.yungayino.cl\/noticias\/?p=11900"},"modified":"2014-10-28T21:04:46","modified_gmt":"2014-10-29T01:04:46","slug":"junji-inicia-proceso-de-matriculas-2015-para-jardines-infantiles-y-salas-cuna-en-yungay","status":"publish","type":"post","link":"https:\/\/www.yungayino.cl\/noticias\/?p=11900","title":{"rendered":"JUNJI Inicia Proceso de Matr\u00edculas 2015 para Jardines Infantiles y Salas Cuna en Yungay"},"content":{"rendered":"<p><a href=\"http:\/\/www.yungayino.cl\/noticias\/wp-content\/uploads\/2014\/10\/junji.jpg\"><img loading=\"lazy\" decoding=\"async\" class=\"alignnone size-full wp-image-11901\" src=\"http:\/\/www.yungayino.cl\/noticias\/wp-content\/uploads\/2014\/10\/junji.jpg\" alt=\"junji\" width=\"500\" height=\"200\" srcset=\"https:\/\/www.yungayino.cl\/noticias\/wp-content\/uploads\/2014\/10\/junji.jpg 500w, https:\/\/www.yungayino.cl\/noticias\/wp-content\/uploads\/2014\/10\/junji-300x120.jpg 300w, https:\/\/www.yungayino.cl\/noticias\/wp-content\/uploads\/2014\/10\/junji-375x150.jpg 375w\" sizes=\"auto, (max-width: 500px) 100vw, 500px\" \/><\/a><\/p>\n<p style=\"text-align: justify;\">Yungay, viernes 24 de octubre 2014: El Departamento de Educaci\u00f3n Municipal (DAEM) informa a la comunidad que se encuentran abiertas las postulaciones para el proceso de matriculas 2015 para los Jardines Infantiles y Salas Cunas (JUNJI) de los Sectores Parque Estadio, Trilaleo, Cholgu\u00e1n, Ranchillos y Campanario.<\/p>\n<p style=\"text-align: justify;\">Se\u00f1alar que cada Jard\u00edn cuenta con un Equipo Multiprofesional, Psic\u00f3logo, Fonoaudi\u00f3logo y Kinesi\u00f3logo, tambi\u00e9n en el \u00e1mbito T\u00e9cnico Pedag\u00f3gico cada jard\u00edn ofrece a nuestros ni\u00f1os y ni\u00f1as aprendizajes oportunos en un ambiente calido y acogedor con especialista en idioma Ingl\u00e9s, Educaci\u00f3n F\u00edsica y experiencias de aprendizajes utilizando tecnolog\u00eda Tablet. Tambi\u00e9n destacar que se contar\u00e1 con movilizaci\u00f3n \u201cGratis\u201d para el Sector de Yungay, Barrio Alto, El Cardal y Cholgu\u00e1n Estaci\u00f3n.<\/p>\n<p style=\"text-align: justify;\">Finalmente en cada jard\u00edn, las directoras estar\u00e1n recibiendo a los padres, madres y familias que requieran acceder a estos establecimientos especializados en la atenci\u00f3n y educaci\u00f3n de calidad para sus hijos e hijas desde los 3 meses a 4 a\u00f1os de edad.<\/p>\n<p style=\"text-align: justify;\">Fonos Contactos:<\/p>\n<p style=\"text-align: justify;\">Jard\u00edn Cholgu\u00e1n\u00a0\u00a0\u00a0\u00a0\u00a0\u00a0\u00a0\u00a0\u00a0\u00a0\u00a0\u00a0\u00a0\u00a0\u00a0\u00a0\u00a0\u00a0 94599193<\/p>\n<p style=\"text-align: justify;\">Jard\u00edn Parque Estadio\u00a0\u00a0\u00a0\u00a0\u00a0\u00a0\u00a0 97043506<\/p>\n<p style=\"text-align: justify;\">Jard\u00edn Trilaleo\u00a0\u00a0\u00a0\u00a0\u00a0\u00a0\u00a0\u00a0\u00a0\u00a0 \u00a0\u00a0\u00a0\u00a0\u00a0\u00a0\u00a0\u00a0\u00a0\u00a0\u00a0 74510491<\/p>\n<p style=\"text-align: justify;\">Jard\u00edn Campanita\u00a0\u00a0\u00a0\u00a0 \u00a0\u00a0\u00a0\u00a0\u00a0\u00a0\u00a0\u00a0\u00a0\u00a0\u00a0 97043505<\/p>\n<p style=\"text-align: justify;\">Jard\u00edn Ranchillos\u00a0\u00a0\u00a0\u00a0\u00a0\u00a0\u00a0\u00a0\u00a0\u00a0\u00a0\u00a0\u00a0\u00a0\u00a0\u00a0\u00a0 61737974<\/p>\n<p style=\"text-align: justify;\">[su_button url=\u00bbhttps:\/\/www.facebook.com\/media\/set\/?set=a.946816562000050.1073742329.159561284058919&amp;type=3&amp;uploaded=15&#8243; size=\u00bb4&#8243; radius=\u00bbround\u00bb icon=\u00bbicon: camera-retro\u00bb]Fotograf\u00edas &#8211; JUNJI Inicia Proceso de Matr\u00edculas 2015 para Jardines Infantiles y Salas Cuna en Yungay[\/su_button]<\/p>\n<p style=\"text-align: justify;\">\n","protected":false},"excerpt":{"rendered":"<p>Yungay, viernes 24 de octubre 2014: El Departamento de Educaci\u00f3n Municipal (DAEM) informa a la comunidad que se encuentran abiertas las postulaciones para el proceso de matriculas 2015 para los Jardines Infantiles y Salas&#46;&#46;&#46;<\/p>\n","protected":false},"author":2,"featured_media":11901,"comment_status":"open","ping_status":"open","sticky":false,"template":"","format":"standard","meta":{"footnotes":""},"categories":[1],"tags":[964,1115,8,6],"class_list":["post-11900","post","type-post","status-publish","format-standard","has-post-thumbnail","hentry","category-noticias","tag-junji","tag-noticias","tag-yungay","tag-yungayino"],"_links":{"self":[{"href":"https:\/\/www.yungayino.cl\/noticias\/index.php?rest_route=\/wp\/v2\/posts\/11900","targetHints":{"allow":["GET"]}}],"collection":[{"href":"https:\/\/www.yungayino.cl\/noticias\/index.php?rest_route=\/wp\/v2\/posts"}],"about":[{"href":"https:\/\/www.yungayino.cl\/noticias\/index.php?rest_route=\/wp\/v2\/types\/post"}],"author":[{"embeddable":true,"href":"https:\/\/www.yungayino.cl\/noticias\/index.php?rest_route=\/wp\/v2\/users\/2"}],"replies":[{"embeddable":true,"href":"https:\/\/www.yungayino.cl\/noticias\/index.php?rest_route=%2Fwp%2Fv2%2Fcomments&post=11900"}],"version-history":[{"count":4,"href":"https:\/\/www.yungayino.cl\/noticias\/index.php?rest_route=\/wp\/v2\/posts\/11900\/revisions"}],"predecessor-version":[{"id":11929,"href":"https:\/\/www.yungayino.cl\/noticias\/index.php?rest_route=\/wp\/v2\/posts\/11900\/revisions\/11929"}],"wp:featuredmedia":[{"embeddable":true,"href":"https:\/\/www.yungayino.cl\/noticias\/index.php?rest_route=\/wp\/v2\/media\/11901"}],"wp:attachment":[{"href":"https:\/\/www.yungayino.cl\/noticias\/index.php?rest_route=%2Fwp%2Fv2%2Fmedia&parent=11900"}],"wp:term":[{"taxonomy":"category","embeddable":true,"href":"https:\/\/www.yungayino.cl\/noticias\/index.php?rest_route=%2Fwp%2Fv2%2Fcategories&post=11900"},{"taxonomy":"post_tag","embeddable":true,"href":"https:\/\/www.yungayino.cl\/noticias\/index.php?rest_route=%2Fwp%2Fv2%2Ftags&post=11900"}],"curies":[{"name":"wp","href":"https:\/\/api.w.org\/{rel}","templated":true}]}}