{"id":11908,"date":"2014-10-25T14:00:34","date_gmt":"2014-10-25T18:00:34","guid":{"rendered":"http:\/\/www.yungayino.cl\/noticias\/?p=11908"},"modified":"2014-10-25T17:31:19","modified_gmt":"2014-10-25T21:31:19","slug":"destacado-evento-cultural-se-realizo-en-yungay","status":"publish","type":"post","link":"https:\/\/www.yungayino.cl\/noticias\/?p=11908","title":{"rendered":"Destacado Evento Cultural se Realiz\u00f3 en Yungay"},"content":{"rendered":"<p><a href=\"http:\/\/www.yungayino.cl\/noticias\/wp-content\/uploads\/2014\/10\/nessagaraenyungay.jpg\"><img loading=\"lazy\" decoding=\"async\" class=\"alignnone size-full wp-image-11906\" src=\"http:\/\/www.yungayino.cl\/noticias\/wp-content\/uploads\/2014\/10\/nessagaraenyungay.jpg\" alt=\"nessagaraenyungay\" width=\"500\" height=\"300\" srcset=\"https:\/\/www.yungayino.cl\/noticias\/wp-content\/uploads\/2014\/10\/nessagaraenyungay.jpg 500w, https:\/\/www.yungayino.cl\/noticias\/wp-content\/uploads\/2014\/10\/nessagaraenyungay-300x180.jpg 300w, https:\/\/www.yungayino.cl\/noticias\/wp-content\/uploads\/2014\/10\/nessagaraenyungay-250x150.jpg 250w\" sizes=\"auto, (max-width: 500px) 100vw, 500px\" \/><\/a><\/p>\n<p>Yungay, viernes 24 de octubre 2014: Un destaco evento cultural se llevo a cabo en nuestra comuna, con la visita del Grupo <strong>\u201cNESSAGARA\u201d, <\/strong>quienes presentaron un espect\u00e1culo denominado \u00abDise\u00f1o y Escena en la Ciudad\u00bb, un hermoso pasacalle de carnaval sobre zancos con artistas en escena mucho colorido y m\u00fasica entregando\u00a0entretenci\u00f3n a toda la familia que se encontraba en gran cantidad en la Plaza Iquique de nuestra comuna.<\/p>\n<p>Destacar que <strong>\u201cNESSAGARA\u201d<\/strong> es un reconocido Estudio Taller para el desarrollo de proyectos de dise\u00f1o y realizaci\u00f3n de vestuarios, artefactos y accesorios esc\u00e9nicos y que desde el a\u00f1o 2000 hasta la fecha ha desarrollado m\u00e1s de cuarenta montajes y es dirigido por Vanessa Leiva Vergara y Roberto Pacheco Pantoja.<br \/>\nSe\u00f1alar que la actividad fue gestionada por la Ilustre Municipalidad de Yungay y el Consejo de la Cultura y las Artes de la Regi\u00f3n del Bio Bio, la cu\u00e1l se enmarca dentro de uno de los objetivos del Plan Municipal de Cultura de Yungay, denominado \u201cCultura para Todos\u201d, as\u00ed lo se\u00f1alo al Portal Yungayino.cl, Miguel Mart\u00ednez Jara, Encargado de Turismo y Gestor de Cultura de la Ilustre Municipalidad de Yungay.<\/p>\n<p>Finalmente despu\u00e9s de un hermoso espect\u00e1culo cultural desarrollado por los per\u00edmetros de nuestra hermosa plaza, los artistas compartieron unos momentos con los ni\u00f1os presentes para sacarse fotograf\u00edas y tener un recuerdo de esta bonita presentaci\u00f3n en nuestra comuna.<\/p>\n<p>[su_button url=\u00bbhttps:\/\/www.facebook.com\/media\/set\/?set=a.947512405263799.1073742331.159561284058919&amp;type=3&amp;uploaded=73&#8243; size=\u00bb4&#8243; radius=\u00bbround\u00bb icon=\u00bbicon: camera-retro\u00bb]Fotograf\u00edas &#8211; Destacado Evento Cultural se Realiz\u00f3 en Yungay[\/su_button]<\/p>\n","protected":false},"excerpt":{"rendered":"<p>Yungay, viernes 24 de octubre 2014: Un destaco evento cultural se llevo a cabo en nuestra comuna, con la visita del Grupo \u201cNESSAGARA\u201d, quienes presentaron un espect\u00e1culo denominado \u00abDise\u00f1o y Escena en la Ciudad\u00bb,&#46;&#46;&#46;<\/p>\n","protected":false},"author":2,"featured_media":11906,"comment_status":"open","ping_status":"open","sticky":false,"template":"","format":"standard","meta":{"footnotes":""},"categories":[5,1],"tags":[965,1115,8,6],"class_list":["post-11908","post","type-post","status-publish","format-standard","has-post-thumbnail","hentry","category-eventos","category-noticias","tag-nessagara","tag-noticias","tag-yungay","tag-yungayino"],"_links":{"self":[{"href":"https:\/\/www.yungayino.cl\/noticias\/index.php?rest_route=\/wp\/v2\/posts\/11908","targetHints":{"allow":["GET"]}}],"collection":[{"href":"https:\/\/www.yungayino.cl\/noticias\/index.php?rest_route=\/wp\/v2\/posts"}],"about":[{"href":"https:\/\/www.yungayino.cl\/noticias\/index.php?rest_route=\/wp\/v2\/types\/post"}],"author":[{"embeddable":true,"href":"https:\/\/www.yungayino.cl\/noticias\/index.php?rest_route=\/wp\/v2\/users\/2"}],"replies":[{"embeddable":true,"href":"https:\/\/www.yungayino.cl\/noticias\/index.php?rest_route=%2Fwp%2Fv2%2Fcomments&post=11908"}],"version-history":[{"count":2,"href":"https:\/\/www.yungayino.cl\/noticias\/index.php?rest_route=\/wp\/v2\/posts\/11908\/revisions"}],"predecessor-version":[{"id":11910,"href":"https:\/\/www.yungayino.cl\/noticias\/index.php?rest_route=\/wp\/v2\/posts\/11908\/revisions\/11910"}],"wp:featuredmedia":[{"embeddable":true,"href":"https:\/\/www.yungayino.cl\/noticias\/index.php?rest_route=\/wp\/v2\/media\/11906"}],"wp:attachment":[{"href":"https:\/\/www.yungayino.cl\/noticias\/index.php?rest_route=%2Fwp%2Fv2%2Fmedia&parent=11908"}],"wp:term":[{"taxonomy":"category","embeddable":true,"href":"https:\/\/www.yungayino.cl\/noticias\/index.php?rest_route=%2Fwp%2Fv2%2Fcategories&post=11908"},{"taxonomy":"post_tag","embeddable":true,"href":"https:\/\/www.yungayino.cl\/noticias\/index.php?rest_route=%2Fwp%2Fv2%2Ftags&post=11908"}],"curies":[{"name":"wp","href":"https:\/\/api.w.org\/{rel}","templated":true}]}}