{"id":11972,"date":"2014-11-03T22:00:20","date_gmt":"2014-11-04T02:00:20","guid":{"rendered":"http:\/\/www.yungayino.cl\/noticias\/?p=11972"},"modified":"2014-11-03T22:25:04","modified_gmt":"2014-11-04T02:25:04","slug":"3-version-de-la-feria-de-emprendimiento-yungay-2014","status":"publish","type":"post","link":"https:\/\/www.yungayino.cl\/noticias\/?p=11972","title":{"rendered":"3\u00b0 Versi\u00f3n de la Feria de Emprendimiento Yungay 2014"},"content":{"rendered":"<p><a href=\"http:\/\/www.yungayino.cl\/noticias\/wp-content\/uploads\/2014\/11\/mujeresemprendedoras201411.jpg\"><img loading=\"lazy\" decoding=\"async\" class=\"alignnone size-full wp-image-11969\" src=\"http:\/\/www.yungayino.cl\/noticias\/wp-content\/uploads\/2014\/11\/mujeresemprendedoras201411.jpg\" alt=\"mujeresemprendedoras201411\" width=\"500\" height=\"300\" srcset=\"https:\/\/www.yungayino.cl\/noticias\/wp-content\/uploads\/2014\/11\/mujeresemprendedoras201411.jpg 500w, https:\/\/www.yungayino.cl\/noticias\/wp-content\/uploads\/2014\/11\/mujeresemprendedoras201411-300x180.jpg 300w, https:\/\/www.yungayino.cl\/noticias\/wp-content\/uploads\/2014\/11\/mujeresemprendedoras201411-250x150.jpg 250w\" sizes=\"auto, (max-width: 500px) 100vw, 500px\" \/><\/a><\/p>\n<p style=\"text-align: justify;\">Yungay, lunes 03 de noviembre 2014: La Ilustre Municipalidad de\u00a0Yungay en coordinaci\u00f3n con el SERNAM a trav\u00e9s del Programa <strong>\u201cMujer Trabajadora y Jefa de Hogar\u201d<\/strong>, inauguraron la 3\u00b0 Versi\u00f3n de la Feria de Emprendimiento ubicada en la Plaza Iquique de nuestra comuna. La ceremonia cont\u00f3 con la asistencia del alcalde Pedro Inostroza, la Coordinadora Regional del Sernam, Valeska Jara y Nelson Burgos del SECPLAN, Alejandra Contreras y Karen Novoa, encargadas del programa en nuestra comuna, adem\u00e1s de usuarias del programa. Se\u00f1alar que esta feria tiene como objetivo la creaci\u00f3n de nuevos y mejores empleos, activar el capital social de nuestra comuna y adem\u00e1s contribuir a la ubicaci\u00f3n laboral de mujeres desempleadas yungayinas, lo que les permite aumentar sus ingresos para ir en ayuda de sus familias. Tambi\u00e9n en la ocasi\u00f3n la m\u00fasica estuvo presente con el cantante Benjamin Llanos.<\/p>\n<p style=\"text-align: justify;\">El alcalde Pedro Inostroza, felicit\u00f3 a las mujeres emprendedoras presentes y les se\u00f1al\u00f3 que pueden contar con el apoyo del municipio siempre, tambi\u00e9n les anuncio que las apoyar\u00e1n para que puedan exponer sus productos en la Feria Costumbrista 2015 y los m\u00e1s importante sin ning\u00fan costo para ellas. Finalmente las expositoras mostraron sus productos elaborados a las autoridades presentes y p\u00fablico en general.<\/p>\n<p>[su_button url=\u00bbhttps:\/\/www.facebook.com\/media\/set\/?set=a.953139498034423.1073742343.159561284058919&amp;type=3&amp;uploaded=45&#8243; size=\u00bb4&#8243; radius=\u00bbround\u00bb icon=\u00bbicon: camera-retro\u00bb]Fotograf\u00edas &#8211; 3\u00b0 Versi\u00f3n de la Feria de Emprendimiento Yungay 2014 [\/su_button]<\/p>\n<p>&nbsp;<\/p>\n","protected":false},"excerpt":{"rendered":"<p>Yungay, lunes 03 de noviembre 2014: La Ilustre Municipalidad de\u00a0Yungay en coordinaci\u00f3n con el SERNAM a trav\u00e9s del Programa \u201cMujer Trabajadora y Jefa de Hogar\u201d, inauguraron la 3\u00b0 Versi\u00f3n de la Feria de Emprendimiento&#46;&#46;&#46;<\/p>\n","protected":false},"author":2,"featured_media":11969,"comment_status":"open","ping_status":"open","sticky":false,"template":"","format":"standard","meta":{"footnotes":""},"categories":[1],"tags":[553,1115,8,6],"class_list":["post-11972","post","type-post","status-publish","format-standard","has-post-thumbnail","hentry","category-noticias","tag-mujer-trabajadora-y-jefa-de-hogar","tag-noticias","tag-yungay","tag-yungayino"],"_links":{"self":[{"href":"https:\/\/www.yungayino.cl\/noticias\/index.php?rest_route=\/wp\/v2\/posts\/11972","targetHints":{"allow":["GET"]}}],"collection":[{"href":"https:\/\/www.yungayino.cl\/noticias\/index.php?rest_route=\/wp\/v2\/posts"}],"about":[{"href":"https:\/\/www.yungayino.cl\/noticias\/index.php?rest_route=\/wp\/v2\/types\/post"}],"author":[{"embeddable":true,"href":"https:\/\/www.yungayino.cl\/noticias\/index.php?rest_route=\/wp\/v2\/users\/2"}],"replies":[{"embeddable":true,"href":"https:\/\/www.yungayino.cl\/noticias\/index.php?rest_route=%2Fwp%2Fv2%2Fcomments&post=11972"}],"version-history":[{"count":1,"href":"https:\/\/www.yungayino.cl\/noticias\/index.php?rest_route=\/wp\/v2\/posts\/11972\/revisions"}],"predecessor-version":[{"id":11973,"href":"https:\/\/www.yungayino.cl\/noticias\/index.php?rest_route=\/wp\/v2\/posts\/11972\/revisions\/11973"}],"wp:featuredmedia":[{"embeddable":true,"href":"https:\/\/www.yungayino.cl\/noticias\/index.php?rest_route=\/wp\/v2\/media\/11969"}],"wp:attachment":[{"href":"https:\/\/www.yungayino.cl\/noticias\/index.php?rest_route=%2Fwp%2Fv2%2Fmedia&parent=11972"}],"wp:term":[{"taxonomy":"category","embeddable":true,"href":"https:\/\/www.yungayino.cl\/noticias\/index.php?rest_route=%2Fwp%2Fv2%2Fcategories&post=11972"},{"taxonomy":"post_tag","embeddable":true,"href":"https:\/\/www.yungayino.cl\/noticias\/index.php?rest_route=%2Fwp%2Fv2%2Ftags&post=11972"}],"curies":[{"name":"wp","href":"https:\/\/api.w.org\/{rel}","templated":true}]}}