{"id":12069,"date":"2014-11-18T13:00:28","date_gmt":"2014-11-18T17:00:28","guid":{"rendered":"http:\/\/www.yungayino.cl\/noticias\/?p=12069"},"modified":"2014-11-18T13:16:23","modified_gmt":"2014-11-18T17:16:23","slug":"celebracion-dia-del-parvulo-en-yungay","status":"publish","type":"post","link":"https:\/\/www.yungayino.cl\/noticias\/?p=12069","title":{"rendered":"Celebraci\u00f3n \u201cD\u00eda del P\u00e1rvulo\u201d en Yungay"},"content":{"rendered":"<p><a href=\"http:\/\/www.yungayino.cl\/noticias\/wp-content\/uploads\/2014\/11\/jardines201411.jpg\"><img loading=\"lazy\" decoding=\"async\" class=\"alignnone size-full wp-image-12070\" src=\"http:\/\/www.yungayino.cl\/noticias\/wp-content\/uploads\/2014\/11\/jardines201411.jpg\" alt=\"jardines201411\" width=\"500\" height=\"300\" srcset=\"https:\/\/www.yungayino.cl\/noticias\/wp-content\/uploads\/2014\/11\/jardines201411.jpg 500w, https:\/\/www.yungayino.cl\/noticias\/wp-content\/uploads\/2014\/11\/jardines201411-300x180.jpg 300w, https:\/\/www.yungayino.cl\/noticias\/wp-content\/uploads\/2014\/11\/jardines201411-250x150.jpg 250w\" sizes=\"auto, (max-width: 500px) 100vw, 500px\" \/><\/a><\/p>\n<p style=\"text-align: justify;\">Yungay, martes 18 de noviembre 2014: Con un acto c\u00edvico en el Frontis de la Ilustre Municipalidad, los Jardines Infantiles JUNJI, Escuelas y Colegios Municipales, Subvencionadas Particulares y Escuela de Lenguaje de nuestra comuna celebraron el <strong>\u201cD\u00eda del P\u00e1rvulo<\/strong>\u201d, organizado por el Departamento de Educaci\u00f3n Municipal. El acto fue liderado por el alcalde Pedro Inostroza y la Jefa Daem Eugenia L\u00f3pez, adem\u00e1s de concejales, autoridades de la comuna y p\u00fablico en general.<\/p>\n<p style=\"text-align: justify;\">En la ocasi\u00f3n los ni\u00f1os del Jard\u00edn\u201cMundo de Amor\u201drealizaron la presentaci\u00f3n de un n\u00famero art\u00edstico denominado \u201c<strong>La Vecindad del Chavo\u201d <\/strong>y los ni\u00f1os delColegio Fernando Baquedanopresentaron<strong> \u201cBailando con la T\u00eda M\u00f3nica\u201d.<\/strong><\/p>\n<p style=\"text-align: justify;\">Se\u00f1alar que producto de la lluvia que se dejo caer durante el acto, se tuvo que suspender el desfile de las distintas delegaciones presentes para no afectar la salud los ni\u00f1os.<\/p>\n<p style=\"text-align: justify;\">Finalmente se\u00f1alar que durante la semana las diferentes instituciones estar\u00e1n realizando actividades, y tambi\u00e9n se destaca la Exposici\u00f3n que se esta llevando a cabo en la Biblioteca P\u00fablica con los diferentes trabajos realizados por los ni\u00f1os.<\/p>\n<p style=\"text-align: justify;\">[su_button url=\u00bbhttps:\/\/www.facebook.com\/media\/set\/?set=a.961786473836392.1073742361.159561284058919&amp;type=3&amp;uploaded=118&#8243; target=\u00bbblank\u00bb size=\u00bb4&#8243; radius=\u00bbround\u00bb icon=\u00bbicon: camera-retro\u00bb]Fotograf\u00edas &#8211; Celebraci\u00f3n \u201cD\u00eda del P\u00e1rvulo\u201d en Yungay[\/su_button]<\/p>\n","protected":false},"excerpt":{"rendered":"<p>Yungay, martes 18 de noviembre 2014: Con un acto c\u00edvico en el Frontis de la Ilustre Municipalidad, los Jardines Infantiles JUNJI, Escuelas y Colegios Municipales, Subvencionadas Particulares y Escuela de Lenguaje de nuestra comuna&#46;&#46;&#46;<\/p>\n","protected":false},"author":2,"featured_media":12070,"comment_status":"open","ping_status":"open","sticky":false,"template":"","format":"standard","meta":{"footnotes":""},"categories":[1],"tags":[434,1115,8,6],"class_list":["post-12069","post","type-post","status-publish","format-standard","has-post-thumbnail","hentry","category-noticias","tag-dia-del-parvulo","tag-noticias","tag-yungay","tag-yungayino"],"_links":{"self":[{"href":"https:\/\/www.yungayino.cl\/noticias\/index.php?rest_route=\/wp\/v2\/posts\/12069","targetHints":{"allow":["GET"]}}],"collection":[{"href":"https:\/\/www.yungayino.cl\/noticias\/index.php?rest_route=\/wp\/v2\/posts"}],"about":[{"href":"https:\/\/www.yungayino.cl\/noticias\/index.php?rest_route=\/wp\/v2\/types\/post"}],"author":[{"embeddable":true,"href":"https:\/\/www.yungayino.cl\/noticias\/index.php?rest_route=\/wp\/v2\/users\/2"}],"replies":[{"embeddable":true,"href":"https:\/\/www.yungayino.cl\/noticias\/index.php?rest_route=%2Fwp%2Fv2%2Fcomments&post=12069"}],"version-history":[{"count":2,"href":"https:\/\/www.yungayino.cl\/noticias\/index.php?rest_route=\/wp\/v2\/posts\/12069\/revisions"}],"predecessor-version":[{"id":12072,"href":"https:\/\/www.yungayino.cl\/noticias\/index.php?rest_route=\/wp\/v2\/posts\/12069\/revisions\/12072"}],"wp:featuredmedia":[{"embeddable":true,"href":"https:\/\/www.yungayino.cl\/noticias\/index.php?rest_route=\/wp\/v2\/media\/12070"}],"wp:attachment":[{"href":"https:\/\/www.yungayino.cl\/noticias\/index.php?rest_route=%2Fwp%2Fv2%2Fmedia&parent=12069"}],"wp:term":[{"taxonomy":"category","embeddable":true,"href":"https:\/\/www.yungayino.cl\/noticias\/index.php?rest_route=%2Fwp%2Fv2%2Fcategories&post=12069"},{"taxonomy":"post_tag","embeddable":true,"href":"https:\/\/www.yungayino.cl\/noticias\/index.php?rest_route=%2Fwp%2Fv2%2Ftags&post=12069"}],"curies":[{"name":"wp","href":"https:\/\/api.w.org\/{rel}","templated":true}]}}