{"id":12090,"date":"2014-11-21T08:00:49","date_gmt":"2014-11-21T12:00:49","guid":{"rendered":"http:\/\/www.yungayino.cl\/noticias\/?p=12090"},"modified":"2014-11-21T08:11:37","modified_gmt":"2014-11-21T12:11:37","slug":"colegio-nueva-esperanza-de-yungay-celebra-su-5-aniversario-con-acto-y-carro-alegorico","status":"publish","type":"post","link":"https:\/\/www.yungayino.cl\/noticias\/?p=12090","title":{"rendered":"Colegio Nueva Esperanza de Yungay Celebra su 5\u00b0 Aniversario con Acto y Carro Aleg\u00f3rico"},"content":{"rendered":"<p><a href=\"http:\/\/www.yungayino.cl\/noticias\/wp-content\/uploads\/2014\/11\/actoaniversario2014.jpg\"><img loading=\"lazy\" decoding=\"async\" class=\"alignnone size-full wp-image-12091\" src=\"http:\/\/www.yungayino.cl\/noticias\/wp-content\/uploads\/2014\/11\/actoaniversario2014.jpg\" alt=\"actoaniversario2014\" width=\"500\" height=\"300\" srcset=\"https:\/\/www.yungayino.cl\/noticias\/wp-content\/uploads\/2014\/11\/actoaniversario2014.jpg 500w, https:\/\/www.yungayino.cl\/noticias\/wp-content\/uploads\/2014\/11\/actoaniversario2014-300x180.jpg 300w, https:\/\/www.yungayino.cl\/noticias\/wp-content\/uploads\/2014\/11\/actoaniversario2014-250x150.jpg 250w\" sizes=\"auto, (max-width: 500px) 100vw, 500px\" \/><\/a><\/p>\n<p style=\"text-align: justify;\">Yungay, jueves 20 de noviembre 2014: El Colegio Nueva Esperanza conmemoro su aniversario n\u00famero cinco \u201cEducando desde la Afectividad\u201d, con un acto oficial realizado a las 10:30 horas, el cu\u00e1l cont\u00f3 con la asistencia de su sostenedor Gonzalo Aedo, su Directora Sandra Correa, concejales, autoridades locales, invitados especiales, apoderados, alumnos y docentes.<\/p>\n<p style=\"text-align: justify;\">En la ocasi\u00f3n los alumnos realizaron presentaciones art\u00edsticas, coreogr\u00e1ficas, bailes y obras teatrales, adem\u00e1s tambi\u00e9n se hicieron entrega de premios de reconocimiento a los alumnos que participaron en la muestra cient\u00edfica, ajedrez, teatro, f\u00fatbol, ingl\u00e9s y geograf\u00eda. Por su parte el Colegio entreg\u00f3 tambi\u00e9n un reconocimiento a los Profesores, Centro de Padres y Apoderados que han trabajado desde los inicios en este proyecto educativo.<\/p>\n<p style=\"text-align: justify;\">Gonzalo Aedo, sostenedor del Colegio, manifest\u00f3 a los presentes el recorrido que han realizado durante estos 5 a\u00f1os con este proyecto, el cu\u00e1l ha salido adelante con gran \u00e9xito y esfuerzo, adem\u00e1s destac\u00f3 y agradeci\u00f3 a todos quienes de una u otra manera han apoyado este proyecto educativo para la comuna y finaliz\u00f3 con el anuncio de la adquisici\u00f3n de los nuevos terrenos para poder concretar la proyecci\u00f3n para la etapa de ense\u00f1anza media.<\/p>\n<p style=\"text-align: justify;\">Terminado el acto de ceremonia los asistentes compartieron un coctel para celebrar este nuevo aniversario.<\/p>\n<p style=\"text-align: justify;\">Finalmente mencionar que durante la tarde se realizo el recorrido de los carros aleg\u00f3rico y comparsas por las calles c\u00e9ntricas de nuestra comuna con una gran participaci\u00f3n de la comunidad escolar, finalizando el recorrido en el Ode\u00f3n de la Plaza Iquique, donde una gran cantidad de p\u00fablico pudo disfrutar de este bonito espect\u00e1culo realizado por toda la comunidad escolar del Colegio Nueva Esperanza.<\/p>\n<p style=\"text-align: justify;\">[su_button url=\u00bbhttps:\/\/www.facebook.com\/media\/set\/?set=a.963298297018543.1073742366.159561284058919&amp;type=3&#8243; target=\u00bbblank\u00bb size=\u00bb4&#8243; radius=\u00bbround\u00bb icon=\u00bbicon: camera-retro\u00bb]Fotograf\u00edas &#8211; Acto Aniversario[\/su_button]<\/p>\n<p style=\"text-align: justify;\">[su_button url=\u00bbhttps:\/\/www.facebook.com\/media\/set\/?set=a.963318930349813.1073742368.159561284058919&amp;type=3&#8243; target=\u00bbblank\u00bb size=\u00bb4&#8243; radius=\u00bbround\u00bb icon=\u00bbicon: camera-retro\u00bb]Fotograf\u00edas &#8211; Carro Aleg\u00f3rico y Comparsa[\/su_button]<\/p>\n","protected":false},"excerpt":{"rendered":"<p>Yungay, jueves 20 de noviembre 2014: El Colegio Nueva Esperanza conmemoro su aniversario n\u00famero cinco \u201cEducando desde la Afectividad\u201d, con un acto oficial realizado a las 10:30 horas, el cu\u00e1l cont\u00f3 con la asistencia&#46;&#46;&#46;<\/p>\n","protected":false},"author":2,"featured_media":12091,"comment_status":"open","ping_status":"open","sticky":false,"template":"","format":"standard","meta":{"footnotes":""},"categories":[1],"tags":[994,993,320,1115,8,6],"class_list":["post-12090","post","type-post","status-publish","format-standard","has-post-thumbnail","hentry","category-noticias","tag-5-anos","tag-acto-aniversario","tag-colegio-nueva-esperanza","tag-noticias","tag-yungay","tag-yungayino"],"_links":{"self":[{"href":"https:\/\/www.yungayino.cl\/noticias\/index.php?rest_route=\/wp\/v2\/posts\/12090","targetHints":{"allow":["GET"]}}],"collection":[{"href":"https:\/\/www.yungayino.cl\/noticias\/index.php?rest_route=\/wp\/v2\/posts"}],"about":[{"href":"https:\/\/www.yungayino.cl\/noticias\/index.php?rest_route=\/wp\/v2\/types\/post"}],"author":[{"embeddable":true,"href":"https:\/\/www.yungayino.cl\/noticias\/index.php?rest_route=\/wp\/v2\/users\/2"}],"replies":[{"embeddable":true,"href":"https:\/\/www.yungayino.cl\/noticias\/index.php?rest_route=%2Fwp%2Fv2%2Fcomments&post=12090"}],"version-history":[{"count":3,"href":"https:\/\/www.yungayino.cl\/noticias\/index.php?rest_route=\/wp\/v2\/posts\/12090\/revisions"}],"predecessor-version":[{"id":12094,"href":"https:\/\/www.yungayino.cl\/noticias\/index.php?rest_route=\/wp\/v2\/posts\/12090\/revisions\/12094"}],"wp:featuredmedia":[{"embeddable":true,"href":"https:\/\/www.yungayino.cl\/noticias\/index.php?rest_route=\/wp\/v2\/media\/12091"}],"wp:attachment":[{"href":"https:\/\/www.yungayino.cl\/noticias\/index.php?rest_route=%2Fwp%2Fv2%2Fmedia&parent=12090"}],"wp:term":[{"taxonomy":"category","embeddable":true,"href":"https:\/\/www.yungayino.cl\/noticias\/index.php?rest_route=%2Fwp%2Fv2%2Fcategories&post=12090"},{"taxonomy":"post_tag","embeddable":true,"href":"https:\/\/www.yungayino.cl\/noticias\/index.php?rest_route=%2Fwp%2Fv2%2Ftags&post=12090"}],"curies":[{"name":"wp","href":"https:\/\/api.w.org\/{rel}","templated":true}]}}