{"id":12095,"date":"2014-11-22T22:00:44","date_gmt":"2014-11-23T02:00:44","guid":{"rendered":"http:\/\/www.yungayino.cl\/noticias\/?p=12095"},"modified":"2014-11-23T22:06:34","modified_gmt":"2014-11-24T02:06:34","slug":"daem-de-las-7-comunas-de-la-asociacion-laja-diguillin-potenciaran-la-educacion-de-mas-de-11-mil-estudiantes","status":"publish","type":"post","link":"https:\/\/www.yungayino.cl\/noticias\/?p=12095","title":{"rendered":"Daem de las 7 Comunas de la Asociaci\u00f3n Laja Diguill\u00edn Potenciar\u00e1n la Educaci\u00f3n de m\u00e1s de 11 Mil Estudiantes"},"content":{"rendered":"<p><img loading=\"lazy\" decoding=\"async\" class=\"alignnone size-full wp-image-12099\" src=\"http:\/\/www.yungayino.cl\/noticias\/wp-content\/uploads\/2014\/11\/daem20141121.jpg\" alt=\"daem20141121\" width=\"500\" height=\"300\" srcset=\"https:\/\/www.yungayino.cl\/noticias\/wp-content\/uploads\/2014\/11\/daem20141121.jpg 500w, https:\/\/www.yungayino.cl\/noticias\/wp-content\/uploads\/2014\/11\/daem20141121-300x180.jpg 300w, https:\/\/www.yungayino.cl\/noticias\/wp-content\/uploads\/2014\/11\/daem20141121-250x150.jpg 250w\" sizes=\"auto, (max-width: 500px) 100vw, 500px\" \/><\/p>\n<p style=\"text-align: justify;\">San Ignacio, en el municipio de San Ignacio se desarroll\u00f3 el pasado mi\u00e9rcoles 19 de noviembre la reuni\u00f3n de trabajo entre el presidente de la Asociaci\u00f3n, alcalde Wilson Olivares y los Jefes de los Departamentos de Educaci\u00f3n Municipal de las 7 comunas que integran el territorio, con el fin de generar una agenda corta que busca potenciar el nivel de la Educaci\u00f3n Municipal que se imparte a estudiantes de 99 colegios.<\/p>\n<p style=\"text-align: justify;\">Se\u00f1alar que en diferentes \u00e1reas trabaja la Asociaci\u00f3n de Territorios del Laja Diguill\u00edn, con el \u00fanico objetivo de potenciar el trabajo que realizan las 7 comunas integrantes, es por eso que el pasado mi\u00e9rcoles, fue el turno de la educaci\u00f3n, para ello el presidente de esta entidad, Wilson Olivares alcalde de San Ignacio, junto al Gerente del Territorio, Sebasti\u00e1n Godoy; se reunieron con los Jefes de los Departamento de Administraci\u00f3n de Educaci\u00f3n Municipal (Daem) de las comunas de Pinto, Chill\u00e1n viejo, El Carmen, San Ignacio, <strong>Yungay<\/strong>, Bulnes y\u00a0 Pemuco.<\/p>\n<p style=\"text-align: justify;\">En la ocasi\u00f3n se acord\u00f3 generar una agenda corta para el a\u00f1o 2014, en \u00e9sta est\u00e1 considerada la postulaci\u00f3n de proyectos asociativos, revisi\u00f3n de cartera de proyectos educacionales para que apoye el directorio de alcaldes, reuniones t\u00e9cnicas sobre la reforma tributaria entre otros aspectos relevantes en esta materia.<\/p>\n<p style=\"text-align: justify;\">Adem\u00e1s, se reconfirm\u00f3 a la presidenta de esta mesa, <strong>Eugenia L\u00f3pez, Jefa del Daem de Yungay<\/strong>; y la secretaria M\u00f3nica Varela, Jefe Daem de Chill\u00e1n Viejo. Tambi\u00e9n participaron de la cita Pilar Navarrete Jefa Daem San Ignacio, Jorge Boudon Jefe Daem Pinto, Cecilia Cepeda Jefe T\u00e9cnico Yungay, Isabel Moraga Jefe Daem El Carmen, Eduardo Guti\u00e9rrez Jefe Daem Pemuco, Isabel Inostroza Jefe Daem Bulnes.<\/p>\n<p style=\"text-align: justify;\"><!--more--><\/p>\n<p style=\"text-align: justify;\">\n<p style=\"text-align: justify;\">\u00abEsta Iniciativa de los Alcaldes del Territorio, por intermedio de sus Jefes Daem, es muy beneficiosa para seguir avanzando en educaci\u00f3n, y preparar de forma coordinada los cambios que ofrece la reforma educacional en nuestro territorio\u00bb, precis\u00f3 Sebasti\u00e1n Godoy, gerente de la Asociaci\u00f3n Laja Diguill\u00edn.<\/p>\n<p style=\"text-align: justify;\">Wilson Olivares, presidente de la Asociaci\u00f3n, manifest\u00f3 por su parte que una de las materias m\u00e1s importantes a tomar en consideraci\u00f3n es la educaci\u00f3n, y adelant\u00f3 que, de esta misma forma, se gestionar\u00e1n mesas de trabajo para otras \u00e1reas claves para el desarrollo de las comunas como son Salud \u00a0e Infraestructura. La idea es adem\u00e1s generar documentos t\u00e9cnicos que aporten a la futura regi\u00f3n de \u00d1uble, espec\u00edficamente a la provincia del Diguill\u00edn.<\/p>\n<p style=\"text-align: justify;\">Finalmente destacar que el Territorio Laja Diguill\u00edn suma un total de 99 establecimientos educacionales de car\u00e1cter Municipal, teniendo una matr\u00edcula de 11 mil 438 alumnos y que la pr\u00f3xima reuni\u00f3n de trabajo se realizar\u00e1 en Chill\u00e1n Viejo, el d\u00eda viernes 5 de diciembre a las 9:00 horas.<\/p>\n<p style=\"text-align: justify;\">\n","protected":false},"excerpt":{"rendered":"<p>San Ignacio, en el municipio de San Ignacio se desarroll\u00f3 el pasado mi\u00e9rcoles 19 de noviembre la reuni\u00f3n de trabajo entre el presidente de la Asociaci\u00f3n, alcalde Wilson Olivares y los Jefes de los&#46;&#46;&#46;<\/p>\n","protected":false},"author":2,"featured_media":12099,"comment_status":"open","ping_status":"open","sticky":false,"template":"","format":"standard","meta":{"footnotes":""},"categories":[3,1],"tags":[355,1115,8,6],"class_list":["post-12095","post","type-post","status-publish","format-standard","has-post-thumbnail","hentry","category-actualidad","category-noticias","tag-daem","tag-noticias","tag-yungay","tag-yungayino"],"_links":{"self":[{"href":"https:\/\/www.yungayino.cl\/noticias\/index.php?rest_route=\/wp\/v2\/posts\/12095","targetHints":{"allow":["GET"]}}],"collection":[{"href":"https:\/\/www.yungayino.cl\/noticias\/index.php?rest_route=\/wp\/v2\/posts"}],"about":[{"href":"https:\/\/www.yungayino.cl\/noticias\/index.php?rest_route=\/wp\/v2\/types\/post"}],"author":[{"embeddable":true,"href":"https:\/\/www.yungayino.cl\/noticias\/index.php?rest_route=\/wp\/v2\/users\/2"}],"replies":[{"embeddable":true,"href":"https:\/\/www.yungayino.cl\/noticias\/index.php?rest_route=%2Fwp%2Fv2%2Fcomments&post=12095"}],"version-history":[{"count":3,"href":"https:\/\/www.yungayino.cl\/noticias\/index.php?rest_route=\/wp\/v2\/posts\/12095\/revisions"}],"predecessor-version":[{"id":12102,"href":"https:\/\/www.yungayino.cl\/noticias\/index.php?rest_route=\/wp\/v2\/posts\/12095\/revisions\/12102"}],"wp:featuredmedia":[{"embeddable":true,"href":"https:\/\/www.yungayino.cl\/noticias\/index.php?rest_route=\/wp\/v2\/media\/12099"}],"wp:attachment":[{"href":"https:\/\/www.yungayino.cl\/noticias\/index.php?rest_route=%2Fwp%2Fv2%2Fmedia&parent=12095"}],"wp:term":[{"taxonomy":"category","embeddable":true,"href":"https:\/\/www.yungayino.cl\/noticias\/index.php?rest_route=%2Fwp%2Fv2%2Fcategories&post=12095"},{"taxonomy":"post_tag","embeddable":true,"href":"https:\/\/www.yungayino.cl\/noticias\/index.php?rest_route=%2Fwp%2Fv2%2Ftags&post=12095"}],"curies":[{"name":"wp","href":"https:\/\/api.w.org\/{rel}","templated":true}]}}