{"id":12105,"date":"2014-11-23T13:00:04","date_gmt":"2014-11-23T17:00:04","guid":{"rendered":"http:\/\/www.yungayino.cl\/noticias\/?p=12105"},"modified":"2014-11-23T22:28:21","modified_gmt":"2014-11-24T02:28:21","slug":"realizan-muestra-comunal-de-talleres-y-deportes-en-yungay","status":"publish","type":"post","link":"https:\/\/www.yungayino.cl\/noticias\/?p=12105","title":{"rendered":"Realizan \u201cMuestra Comunal de Talleres y Deportes\u201d en Yungay"},"content":{"rendered":"<p><a href=\"http:\/\/www.yungayino.cl\/noticias\/wp-content\/uploads\/2014\/11\/talleres20141121.jpg\"><img loading=\"lazy\" decoding=\"async\" class=\"alignnone size-full wp-image-12097\" src=\"http:\/\/www.yungayino.cl\/noticias\/wp-content\/uploads\/2014\/11\/talleres20141121.jpg\" alt=\"talleres20141121\" width=\"500\" height=\"300\" srcset=\"https:\/\/www.yungayino.cl\/noticias\/wp-content\/uploads\/2014\/11\/talleres20141121.jpg 500w, https:\/\/www.yungayino.cl\/noticias\/wp-content\/uploads\/2014\/11\/talleres20141121-300x180.jpg 300w, https:\/\/www.yungayino.cl\/noticias\/wp-content\/uploads\/2014\/11\/talleres20141121-250x150.jpg 250w\" sizes=\"auto, (max-width: 500px) 100vw, 500px\" \/><\/a><\/p>\n<p style=\"text-align: justify;\">Yungay, viernes 21 de noviembre 2014: El Departamento de Desarrollo Comunitario (DIDECO) encabezado por su Jefa Marcia Ortiz y su Equipo de Profesionales organizaron una <strong>\u201cMuestra Comunal de Talleres y Deportes\u201d <\/strong>que se realiz\u00f3 en la Plaza Iquique de nuestra comuna.<\/p>\n<p style=\"text-align: justify;\">La jornada que se inicio a las 16:00 horas, donde el p\u00fablico que asisti\u00f3 pudo disfrutar de los hermosos trabajos de manualidades de artesan\u00edas, tejidos, etc, realizados durante el a\u00f1o por los diferentes Talleres de la comuna.<\/p>\n<p style=\"text-align: justify;\">Tambi\u00e9n en la ocasi\u00f3n los Adultos Mayores realizaron presentaciones art\u00edsticas y bailes, adem\u00e1s los Talleres Deportivos realizaron Zumba con sus respectivos monitores.<\/p>\n<p style=\"text-align: justify;\">[su_button url=\u00bbhttps:\/\/www.facebook.com\/media\/set\/?set=a.964796440202062.1073742370.159561284058919&amp;type=3&amp;uploaded=114&#8243; target=\u00bbblank\u00bb size=\u00bb4&#8243; radius=\u00bbround\u00bb icon=\u00bbicon: camera-retro\u00bb] Fotograf\u00edas &#8211; Realizan \u201cMuestra Comunal de Talleres y Deportes\u201d en Yungay[\/su_button]<\/p>\n","protected":false},"excerpt":{"rendered":"<p>Yungay, viernes 21 de noviembre 2014: El Departamento de Desarrollo Comunitario (DIDECO) encabezado por su Jefa Marcia Ortiz y su Equipo de Profesionales organizaron una \u201cMuestra Comunal de Talleres y Deportes\u201d que se realiz\u00f3&#46;&#46;&#46;<\/p>\n","protected":false},"author":2,"featured_media":12097,"comment_status":"open","ping_status":"open","sticky":false,"template":"","format":"standard","meta":{"footnotes":""},"categories":[1],"tags":[1115,8,6],"class_list":["post-12105","post","type-post","status-publish","format-standard","has-post-thumbnail","hentry","category-noticias","tag-noticias","tag-yungay","tag-yungayino"],"_links":{"self":[{"href":"https:\/\/www.yungayino.cl\/noticias\/index.php?rest_route=\/wp\/v2\/posts\/12105","targetHints":{"allow":["GET"]}}],"collection":[{"href":"https:\/\/www.yungayino.cl\/noticias\/index.php?rest_route=\/wp\/v2\/posts"}],"about":[{"href":"https:\/\/www.yungayino.cl\/noticias\/index.php?rest_route=\/wp\/v2\/types\/post"}],"author":[{"embeddable":true,"href":"https:\/\/www.yungayino.cl\/noticias\/index.php?rest_route=\/wp\/v2\/users\/2"}],"replies":[{"embeddable":true,"href":"https:\/\/www.yungayino.cl\/noticias\/index.php?rest_route=%2Fwp%2Fv2%2Fcomments&post=12105"}],"version-history":[{"count":2,"href":"https:\/\/www.yungayino.cl\/noticias\/index.php?rest_route=\/wp\/v2\/posts\/12105\/revisions"}],"predecessor-version":[{"id":12107,"href":"https:\/\/www.yungayino.cl\/noticias\/index.php?rest_route=\/wp\/v2\/posts\/12105\/revisions\/12107"}],"wp:featuredmedia":[{"embeddable":true,"href":"https:\/\/www.yungayino.cl\/noticias\/index.php?rest_route=\/wp\/v2\/media\/12097"}],"wp:attachment":[{"href":"https:\/\/www.yungayino.cl\/noticias\/index.php?rest_route=%2Fwp%2Fv2%2Fmedia&parent=12105"}],"wp:term":[{"taxonomy":"category","embeddable":true,"href":"https:\/\/www.yungayino.cl\/noticias\/index.php?rest_route=%2Fwp%2Fv2%2Fcategories&post=12105"},{"taxonomy":"post_tag","embeddable":true,"href":"https:\/\/www.yungayino.cl\/noticias\/index.php?rest_route=%2Fwp%2Fv2%2Ftags&post=12105"}],"curies":[{"name":"wp","href":"https:\/\/api.w.org\/{rel}","templated":true}]}}