{"id":12141,"date":"2014-11-28T07:00:07","date_gmt":"2014-11-28T11:00:07","guid":{"rendered":"http:\/\/www.yungayino.cl\/noticias\/?p=12141"},"modified":"2014-11-28T08:27:26","modified_gmt":"2014-11-28T12:27:26","slug":"radio-la-voz-de-yungay-cumple-25-anos-de-vida","status":"publish","type":"post","link":"https:\/\/www.yungayino.cl\/noticias\/?p=12141","title":{"rendered":"Radio La Voz de Yungay Cumple 25 A\u00f1os de Vida"},"content":{"rendered":"<p><img loading=\"lazy\" decoding=\"async\" class=\"alignnone\" src=\"http:\/\/www.yungayino.cl\/imagenes\/radiolavozdeyungay.jpg\" alt=\"\" width=\"500\" height=\"200\" \/><\/p>\n<p style=\"text-align: justify;\">Yungay, viernes 28 de noviembre 2014: Un d\u00eda como hoy del a\u00f1o 1989 comenz\u00f3 en forma oficial sus transmisiones en el 102.7 de la frecuencia modulada Radio La Voz de Yungay de propiedad del Sr. Juan Quezada.<\/p>\n<p style=\"text-align: justify;\">Hoy al cumplir 25 a\u00f1os desde aquel d\u00eda, Radio La Voz de Yungay se ha transformado en una emisora al servicio de la comuna y la provincia de \u00d1uble, realizando fuerte \u00e9nfasis en la labor social y una programaci\u00f3n variada para distinto tipo de p\u00fablico y con un importante trabajo en el \u00e1mbito informativo local.<\/p>\n<p style=\"text-align: justify;\">Tambi\u00e9n destacar que durante estos a\u00f1os de m\u00e1s de dos d\u00e9cadas de vida se ha logrado posicionar en las m\u00e1s altas esferas de la tecnolog\u00eda y la informaci\u00f3n, siendo esta reconocida constantemente, entre otros, por el ente que re\u00fane a todos los medios radiales de importancia del pa\u00eds como lo es la Asociaci\u00f3n de Radiodifusores de Chile (ARCHI).<\/p>\n<p style=\"text-align: justify;\">Finalmente el Equipo del Portal Yungayino.cl, saluda y felicita a todos quienes forman parte de esta casa radial y les desea que cumplan muchos a\u00f1os m\u00e1s.<\/p>\n<p>&nbsp;<\/p>\n","protected":false},"excerpt":{"rendered":"<p>Yungay, viernes 28 de noviembre 2014: Un d\u00eda como hoy del a\u00f1o 1989 comenz\u00f3 en forma oficial sus transmisiones en el 102.7 de la frecuencia modulada Radio La Voz de Yungay de propiedad del&#46;&#46;&#46;<\/p>\n","protected":false},"author":2,"featured_media":16586,"comment_status":"open","ping_status":"open","sticky":false,"template":"","format":"standard","meta":{"footnotes":""},"categories":[3,1],"tags":[1115,109,8,6],"class_list":["post-12141","post","type-post","status-publish","format-standard","has-post-thumbnail","hentry","category-actualidad","category-noticias","tag-noticias","tag-radio-la-voz-de-yungay","tag-yungay","tag-yungayino"],"_links":{"self":[{"href":"https:\/\/www.yungayino.cl\/noticias\/index.php?rest_route=\/wp\/v2\/posts\/12141","targetHints":{"allow":["GET"]}}],"collection":[{"href":"https:\/\/www.yungayino.cl\/noticias\/index.php?rest_route=\/wp\/v2\/posts"}],"about":[{"href":"https:\/\/www.yungayino.cl\/noticias\/index.php?rest_route=\/wp\/v2\/types\/post"}],"author":[{"embeddable":true,"href":"https:\/\/www.yungayino.cl\/noticias\/index.php?rest_route=\/wp\/v2\/users\/2"}],"replies":[{"embeddable":true,"href":"https:\/\/www.yungayino.cl\/noticias\/index.php?rest_route=%2Fwp%2Fv2%2Fcomments&post=12141"}],"version-history":[{"count":2,"href":"https:\/\/www.yungayino.cl\/noticias\/index.php?rest_route=\/wp\/v2\/posts\/12141\/revisions"}],"predecessor-version":[{"id":12143,"href":"https:\/\/www.yungayino.cl\/noticias\/index.php?rest_route=\/wp\/v2\/posts\/12141\/revisions\/12143"}],"wp:featuredmedia":[{"embeddable":true,"href":"https:\/\/www.yungayino.cl\/noticias\/index.php?rest_route=\/wp\/v2\/media\/16586"}],"wp:attachment":[{"href":"https:\/\/www.yungayino.cl\/noticias\/index.php?rest_route=%2Fwp%2Fv2%2Fmedia&parent=12141"}],"wp:term":[{"taxonomy":"category","embeddable":true,"href":"https:\/\/www.yungayino.cl\/noticias\/index.php?rest_route=%2Fwp%2Fv2%2Fcategories&post=12141"},{"taxonomy":"post_tag","embeddable":true,"href":"https:\/\/www.yungayino.cl\/noticias\/index.php?rest_route=%2Fwp%2Fv2%2Ftags&post=12141"}],"curies":[{"name":"wp","href":"https:\/\/api.w.org\/{rel}","templated":true}]}}