{"id":12144,"date":"2014-11-28T16:00:53","date_gmt":"2014-11-28T20:00:53","guid":{"rendered":"http:\/\/www.yungayino.cl\/noticias\/?p=12144"},"modified":"2014-11-29T11:19:22","modified_gmt":"2014-11-29T15:19:22","slug":"yungay-afina-ultimos-detalles-para-vivir-su-primer-rodeo-provincial-oficial-este-fin-de-semana","status":"publish","type":"post","link":"https:\/\/www.yungayino.cl\/noticias\/?p=12144","title":{"rendered":"Yungay Afina \u00daltimos Detalles para Vivir su Primer Rodeo Provincial Oficial este Fin de Semana"},"content":{"rendered":"<p><a href=\"http:\/\/www.yungayino.cl\/noticias\/wp-content\/uploads\/2014\/11\/rodeo_20141128.jpg\"><img loading=\"lazy\" decoding=\"async\" class=\"alignnone size-full wp-image-12145\" src=\"http:\/\/www.yungayino.cl\/noticias\/wp-content\/uploads\/2014\/11\/rodeo_20141128.jpg\" alt=\"rodeo_20141128\" width=\"500\" height=\"300\" srcset=\"https:\/\/www.yungayino.cl\/noticias\/wp-content\/uploads\/2014\/11\/rodeo_20141128.jpg 500w, https:\/\/www.yungayino.cl\/noticias\/wp-content\/uploads\/2014\/11\/rodeo_20141128-300x180.jpg 300w, https:\/\/www.yungayino.cl\/noticias\/wp-content\/uploads\/2014\/11\/rodeo_20141128-250x150.jpg 250w\" sizes=\"auto, (max-width: 500px) 100vw, 500px\" \/><\/a><\/p>\n<p style=\"text-align: justify;\">Yungay, viernes 28 de noviembre 2014: A toda m\u00e1quina est\u00e1n trabajando para afinar los \u00faltimos detalles los socios del Club de Rodeo de Yungay, para recibir a las casi 70 colleras de la provincia que participar\u00e1n este s\u00e1bado 29 y domingo 30 en el Primer Rodeo Federado que se ejecutar\u00e1 en la Medialuna \u201cLeopoldo Cid\u201d de Yungay.<\/p>\n<p style=\"text-align: justify;\">Destacar que para la ocasi\u00f3n participar\u00e1n el Grupo Folcl\u00f3rico <strong>\u201cMaihu\u00e9n<\/strong>\u201d de Los \u00c1ngeles, <strong>\u201dCarmencita Vald\u00e9z\u201d, \u201dMapuketr\u00e1n\u201d <\/strong>y <strong>\u201cCantares\u201d <\/strong>de Yungay, adem\u00e1s de la Muestra Folcl\u00f3rica del Profesor V\u00edctor Grand\u00f3n.<\/p>\n<p style=\"text-align: justify;\">Tambi\u00e9n mencionar que habr\u00e1 Cl\u00ednica de Herraje, Campeonato de Rayuela, Granja Educativa, Feria Artesanal, Juegos Inflables, una muy buena atenci\u00f3n de casino y una Gran Rifa que tendr\u00e1 como premio mayor $500.000.<\/p>\n<p style=\"text-align: justify;\">Finalmente el Presidente del Club Yungay, Pedro Larrere Garc\u00eda y su Secretario, Juan Carlos Farr\u00e1n reiteraron su invitaci\u00f3n a toda la comunidad y visitantes a participar de esta gran fiesta del rodeo que se vivir\u00e1 este fin de semana en nuestra comuna.<\/p>\n","protected":false},"excerpt":{"rendered":"<p>Yungay, viernes 28 de noviembre 2014: A toda m\u00e1quina est\u00e1n trabajando para afinar los \u00faltimos detalles los socios del Club de Rodeo de Yungay, para recibir a las casi 70 colleras de la provincia&#46;&#46;&#46;<\/p>\n","protected":false},"author":2,"featured_media":12145,"comment_status":"open","ping_status":"open","sticky":false,"template":"","format":"standard","meta":{"footnotes":""},"categories":[5,1],"tags":[1115,999,8,6],"class_list":["post-12144","post","type-post","status-publish","format-standard","has-post-thumbnail","hentry","category-eventos","category-noticias","tag-noticias","tag-rodeo-provincial","tag-yungay","tag-yungayino"],"_links":{"self":[{"href":"https:\/\/www.yungayino.cl\/noticias\/index.php?rest_route=\/wp\/v2\/posts\/12144","targetHints":{"allow":["GET"]}}],"collection":[{"href":"https:\/\/www.yungayino.cl\/noticias\/index.php?rest_route=\/wp\/v2\/posts"}],"about":[{"href":"https:\/\/www.yungayino.cl\/noticias\/index.php?rest_route=\/wp\/v2\/types\/post"}],"author":[{"embeddable":true,"href":"https:\/\/www.yungayino.cl\/noticias\/index.php?rest_route=\/wp\/v2\/users\/2"}],"replies":[{"embeddable":true,"href":"https:\/\/www.yungayino.cl\/noticias\/index.php?rest_route=%2Fwp%2Fv2%2Fcomments&post=12144"}],"version-history":[{"count":2,"href":"https:\/\/www.yungayino.cl\/noticias\/index.php?rest_route=\/wp\/v2\/posts\/12144\/revisions"}],"predecessor-version":[{"id":12164,"href":"https:\/\/www.yungayino.cl\/noticias\/index.php?rest_route=\/wp\/v2\/posts\/12144\/revisions\/12164"}],"wp:featuredmedia":[{"embeddable":true,"href":"https:\/\/www.yungayino.cl\/noticias\/index.php?rest_route=\/wp\/v2\/media\/12145"}],"wp:attachment":[{"href":"https:\/\/www.yungayino.cl\/noticias\/index.php?rest_route=%2Fwp%2Fv2%2Fmedia&parent=12144"}],"wp:term":[{"taxonomy":"category","embeddable":true,"href":"https:\/\/www.yungayino.cl\/noticias\/index.php?rest_route=%2Fwp%2Fv2%2Fcategories&post=12144"},{"taxonomy":"post_tag","embeddable":true,"href":"https:\/\/www.yungayino.cl\/noticias\/index.php?rest_route=%2Fwp%2Fv2%2Ftags&post=12144"}],"curies":[{"name":"wp","href":"https:\/\/api.w.org\/{rel}","templated":true}]}}