{"id":12156,"date":"2014-11-28T22:00:19","date_gmt":"2014-11-29T02:00:19","guid":{"rendered":"http:\/\/www.yungayino.cl\/noticias\/?p=12156"},"modified":"2014-11-29T00:05:04","modified_gmt":"2014-11-29T04:05:04","slug":"escuela-fernando-baquedano-de-yungay-realizo-gala-artistica-en-su-aniversario","status":"publish","type":"post","link":"https:\/\/www.yungayino.cl\/noticias\/?p=12156","title":{"rendered":"Escuela Fernando Baquedano de Yungay Realiz\u00f3 Gala Art\u00edstica en su Aniversario"},"content":{"rendered":"<p><a href=\"http:\/\/www.yungayino.cl\/noticias\/wp-content\/uploads\/2014\/11\/gala_baquedano_2014.jpg\"><img loading=\"lazy\" decoding=\"async\" class=\"alignnone size-full wp-image-12149\" src=\"http:\/\/www.yungayino.cl\/noticias\/wp-content\/uploads\/2014\/11\/gala_baquedano_2014.jpg\" alt=\"gala_baquedano_2014\" width=\"500\" height=\"300\" srcset=\"https:\/\/www.yungayino.cl\/noticias\/wp-content\/uploads\/2014\/11\/gala_baquedano_2014.jpg 500w, https:\/\/www.yungayino.cl\/noticias\/wp-content\/uploads\/2014\/11\/gala_baquedano_2014-300x180.jpg 300w, https:\/\/www.yungayino.cl\/noticias\/wp-content\/uploads\/2014\/11\/gala_baquedano_2014-250x150.jpg 250w\" sizes=\"auto, (max-width: 500px) 100vw, 500px\" \/><\/a><\/p>\n<p style=\"text-align: justify;\">Yungay, jueves 27 de noviembre 2014: La comunidad escolar de la Escuela Fernando Baquedano de Yungay realiz\u00f3 una exitosa Gala Art\u00edstica, la cu\u00e1l se desarrollo en el Ode\u00f3n de la Plaza Iquique, como una de sus actividades de un nuevo aniversario y ante un buen marco de p\u00fablico.<\/p>\n<p style=\"text-align: justify;\">En la ocasi\u00f3n se presentaron los talleres extra program\u00e1ticos que se desarrollan durante el a\u00f1o, donde los alumnos pusieron en escena expresiones de m\u00fasica, Danza y Ballet. Tambi\u00e9n en la oportunidad se coronaron las reinas y reyes a\u00f1o 2014.<\/p>\n<p style=\"text-align: justify;\">Finalizada la hermosa gala el Director Carlos Palacios se\u00f1alo al Equipo del Portal Yungayino.cl, su satisfacci\u00f3n por la impecable presentaci\u00f3n realizada por los alumnos e indic\u00f3 que esto se pudo realizar con recursos de la Ley Sep, los cuales permiten acercar m\u00e1s la escuela a la comunidad.<\/p>\n<p style=\"text-align: justify;\">[su_button url=\u00bbhttps:\/\/www.facebook.com\/media\/set\/?set=a.967652183249821.1073742381.159561284058919&amp;type=3&amp;uploaded=99&#8243; target=\u00bbblank\u00bb size=\u00bb4&#8243; radius=\u00bbround\u00bb icon=\u00bbicon: camera-retro\u00bb]Fotograf\u00edas &#8211; Escuela Fernando Baquedano de Yungay Realiz\u00f3 Gala Art\u00edstica en su Aniversario[\/su_button]<\/p>\n","protected":false},"excerpt":{"rendered":"<p>Yungay, jueves 27 de noviembre 2014: La comunidad escolar de la Escuela Fernando Baquedano de Yungay realiz\u00f3 una exitosa Gala Art\u00edstica, la cu\u00e1l se desarrollo en el Ode\u00f3n de la Plaza Iquique, como una&#46;&#46;&#46;<\/p>\n","protected":false},"author":2,"featured_media":12149,"comment_status":"open","ping_status":"open","sticky":false,"template":"","format":"standard","meta":{"footnotes":""},"categories":[5,1],"tags":[190,1115,8,6],"class_list":["post-12156","post","type-post","status-publish","format-standard","has-post-thumbnail","hentry","category-eventos","category-noticias","tag-escuela-fernando-baquedano","tag-noticias","tag-yungay","tag-yungayino"],"_links":{"self":[{"href":"https:\/\/www.yungayino.cl\/noticias\/index.php?rest_route=\/wp\/v2\/posts\/12156","targetHints":{"allow":["GET"]}}],"collection":[{"href":"https:\/\/www.yungayino.cl\/noticias\/index.php?rest_route=\/wp\/v2\/posts"}],"about":[{"href":"https:\/\/www.yungayino.cl\/noticias\/index.php?rest_route=\/wp\/v2\/types\/post"}],"author":[{"embeddable":true,"href":"https:\/\/www.yungayino.cl\/noticias\/index.php?rest_route=\/wp\/v2\/users\/2"}],"replies":[{"embeddable":true,"href":"https:\/\/www.yungayino.cl\/noticias\/index.php?rest_route=%2Fwp%2Fv2%2Fcomments&post=12156"}],"version-history":[{"count":2,"href":"https:\/\/www.yungayino.cl\/noticias\/index.php?rest_route=\/wp\/v2\/posts\/12156\/revisions"}],"predecessor-version":[{"id":12158,"href":"https:\/\/www.yungayino.cl\/noticias\/index.php?rest_route=\/wp\/v2\/posts\/12156\/revisions\/12158"}],"wp:featuredmedia":[{"embeddable":true,"href":"https:\/\/www.yungayino.cl\/noticias\/index.php?rest_route=\/wp\/v2\/media\/12149"}],"wp:attachment":[{"href":"https:\/\/www.yungayino.cl\/noticias\/index.php?rest_route=%2Fwp%2Fv2%2Fmedia&parent=12156"}],"wp:term":[{"taxonomy":"category","embeddable":true,"href":"https:\/\/www.yungayino.cl\/noticias\/index.php?rest_route=%2Fwp%2Fv2%2Fcategories&post=12156"},{"taxonomy":"post_tag","embeddable":true,"href":"https:\/\/www.yungayino.cl\/noticias\/index.php?rest_route=%2Fwp%2Fv2%2Ftags&post=12156"}],"curies":[{"name":"wp","href":"https:\/\/api.w.org\/{rel}","templated":true}]}}