{"id":12176,"date":"2014-12-02T10:00:56","date_gmt":"2014-12-02T14:00:56","guid":{"rendered":"http:\/\/www.yungayino.cl\/noticias\/?p=12176"},"modified":"2014-12-02T15:45:40","modified_gmt":"2014-12-02T19:45:40","slug":"yungay-vivio-la-fiesta-de-su-primer-rodeo-provincial-federado","status":"publish","type":"post","link":"https:\/\/www.yungayino.cl\/noticias\/?p=12176","title":{"rendered":"Yungay Vivi\u00f3 la Fiesta de su Primer Rodeo Provincial Federado"},"content":{"rendered":"<p><a href=\"http:\/\/www.yungayino.cl\/noticias\/wp-content\/uploads\/2014\/12\/rodeo20141130.jpg\"><img loading=\"lazy\" decoding=\"async\" class=\"alignnone size-full wp-image-12177\" src=\"http:\/\/www.yungayino.cl\/noticias\/wp-content\/uploads\/2014\/12\/rodeo20141130.jpg\" alt=\"rodeo20141130\" width=\"500\" height=\"300\" srcset=\"https:\/\/www.yungayino.cl\/noticias\/wp-content\/uploads\/2014\/12\/rodeo20141130.jpg 500w, https:\/\/www.yungayino.cl\/noticias\/wp-content\/uploads\/2014\/12\/rodeo20141130-300x180.jpg 300w, https:\/\/www.yungayino.cl\/noticias\/wp-content\/uploads\/2014\/12\/rodeo20141130-250x150.jpg 250w\" sizes=\"auto, (max-width: 500px) 100vw, 500px\" \/><\/a><\/p>\n<p style=\"text-align: justify;\">Yungay, lunes 01 diciembre 2014: Con gran alegr\u00eda y hermosos recuerdos se vivi\u00f3 este fin de semana en nuestra comuna el Primer Rodeo Provincial Federado ejecutado en la Medialuna \u201cLeopoldo Cid\u201d, en el cu\u00e1l participaron 70 colleras de la provincia.<\/p>\n<p style=\"text-align: justify;\">La jornada que se inicio el d\u00eda s\u00e1bado 29 de noviembre y termino el domingo 30, donde se cont\u00f3 con la participaci\u00f3n de Grupos Folcl\u00f3ricos como: \u201cAngkawe\u201d de Chill\u00e1n, \u201cMaihu\u00e9n\u201d de Los \u00c1ngeles, \u201cCarmencita Vald\u00e9z\u201d, \u201cMapuketr\u00e1n\u201d y \u201cCantares\u201d de Yungay, la Muestra Folcl\u00f3rica del Profesor V\u00edctor Grand\u00f3n, adem\u00e1s tambi\u00e9n hubo Cl\u00ednica de Herraje, Campeonato de Rayuela, Granja Educativa, Feria Artesanal, Juegos Inflables, Stand y una muy buena atenci\u00f3n de casino.<\/p>\n<p style=\"text-align: justify;\">Finalmente destacar que la collera del Club de Rodeo El Carmen integrada por C\u00e9sar Ram\u00edrez y Misael S\u00e1ez, montando a \u201cTestarudo\u201d y \u201cEstac\u00f3n\u201d, ganaron el Rodeo con 21 puntos y con esto pasan a constituirse en la tercera collera clasificada de \u00d1uble para los selectivos.<\/p>\n<p>[su_button url=\u00bbhttps:\/\/www.facebook.com\/media\/set\/?set=a.969723629709343.1073742387.159561284058919&amp;type=3&amp;uploaded=103&#8243; target=\u00bbblank\u00bb size=\u00bb4&#8243; radius=\u00bbround\u00bb icon=\u00bbicon: camera-retro\u00bb]Fotograf\u00edas &#8211; Yungay Vivi\u00f3 la Fiesta de su Primer Rodeo Provincial Federado [\/su_button]<\/p>\n","protected":false},"excerpt":{"rendered":"<p>Yungay, lunes 01 diciembre 2014: Con gran alegr\u00eda y hermosos recuerdos se vivi\u00f3 este fin de semana en nuestra comuna el Primer Rodeo Provincial Federado ejecutado en la Medialuna \u201cLeopoldo Cid\u201d, en el cu\u00e1l&#46;&#46;&#46;<\/p>\n","protected":false},"author":2,"featured_media":12177,"comment_status":"open","ping_status":"open","sticky":false,"template":"","format":"standard","meta":{"footnotes":""},"categories":[5,1],"tags":[1115,33,8,6],"class_list":["post-12176","post","type-post","status-publish","format-standard","has-post-thumbnail","hentry","category-eventos","category-noticias","tag-noticias","tag-rodeo","tag-yungay","tag-yungayino"],"_links":{"self":[{"href":"https:\/\/www.yungayino.cl\/noticias\/index.php?rest_route=\/wp\/v2\/posts\/12176","targetHints":{"allow":["GET"]}}],"collection":[{"href":"https:\/\/www.yungayino.cl\/noticias\/index.php?rest_route=\/wp\/v2\/posts"}],"about":[{"href":"https:\/\/www.yungayino.cl\/noticias\/index.php?rest_route=\/wp\/v2\/types\/post"}],"author":[{"embeddable":true,"href":"https:\/\/www.yungayino.cl\/noticias\/index.php?rest_route=\/wp\/v2\/users\/2"}],"replies":[{"embeddable":true,"href":"https:\/\/www.yungayino.cl\/noticias\/index.php?rest_route=%2Fwp%2Fv2%2Fcomments&post=12176"}],"version-history":[{"count":1,"href":"https:\/\/www.yungayino.cl\/noticias\/index.php?rest_route=\/wp\/v2\/posts\/12176\/revisions"}],"predecessor-version":[{"id":12179,"href":"https:\/\/www.yungayino.cl\/noticias\/index.php?rest_route=\/wp\/v2\/posts\/12176\/revisions\/12179"}],"wp:featuredmedia":[{"embeddable":true,"href":"https:\/\/www.yungayino.cl\/noticias\/index.php?rest_route=\/wp\/v2\/media\/12177"}],"wp:attachment":[{"href":"https:\/\/www.yungayino.cl\/noticias\/index.php?rest_route=%2Fwp%2Fv2%2Fmedia&parent=12176"}],"wp:term":[{"taxonomy":"category","embeddable":true,"href":"https:\/\/www.yungayino.cl\/noticias\/index.php?rest_route=%2Fwp%2Fv2%2Fcategories&post=12176"},{"taxonomy":"post_tag","embeddable":true,"href":"https:\/\/www.yungayino.cl\/noticias\/index.php?rest_route=%2Fwp%2Fv2%2Ftags&post=12176"}],"curies":[{"name":"wp","href":"https:\/\/api.w.org\/{rel}","templated":true}]}}