{"id":12184,"date":"2014-12-03T13:00:44","date_gmt":"2014-12-03T17:00:44","guid":{"rendered":"http:\/\/www.yungayino.cl\/noticias\/?p=12184"},"modified":"2014-12-03T15:34:09","modified_gmt":"2014-12-03T19:34:09","slug":"8-internos-del-centro-de-detencion-preventivo-de-yungay-se-licenciaron-de-ensenanza-media","status":"publish","type":"post","link":"https:\/\/www.yungayino.cl\/noticias\/?p=12184","title":{"rendered":"8 Internos del Centro de Detenci\u00f3n Preventivo de Yungay se Licenciaron de Ense\u00f1anza Media"},"content":{"rendered":"<p><a href=\"http:\/\/www.yungayino.cl\/noticias\/wp-content\/uploads\/2014\/12\/gendarmeria_licenciatura201412.jpg\"><img loading=\"lazy\" decoding=\"async\" class=\"alignnone size-full wp-image-12185\" src=\"http:\/\/www.yungayino.cl\/noticias\/wp-content\/uploads\/2014\/12\/gendarmeria_licenciatura201412.jpg\" alt=\"gendarmeria_licenciatura201412\" width=\"500\" height=\"300\" srcset=\"https:\/\/www.yungayino.cl\/noticias\/wp-content\/uploads\/2014\/12\/gendarmeria_licenciatura201412.jpg 500w, https:\/\/www.yungayino.cl\/noticias\/wp-content\/uploads\/2014\/12\/gendarmeria_licenciatura201412-300x180.jpg 300w, https:\/\/www.yungayino.cl\/noticias\/wp-content\/uploads\/2014\/12\/gendarmeria_licenciatura201412-250x150.jpg 250w\" sizes=\"auto, (max-width: 500px) 100vw, 500px\" \/><\/a><\/p>\n<p style=\"text-align: justify;\">Yungay, mi\u00e9rcoles 3 de diciembre 2014: En una emotiva ceremonia 8 Internos del Centro de Detenci\u00f3n Preventivo de Yungay se licenciaron de Ense\u00f1anza Media, a pesar de estar privados de libertad, concentraron sus esfuerzos para dedicarse al estudio con el apoyo de Gendarmer\u00eda y el DAEM de Yungay, y as\u00ed lograr su anhelada licenciatura.<\/p>\n<p style=\"text-align: justify;\">La ceremonia estuvo liderada por el Capit\u00e1n, Rodrigo Sol\u00eds O\u00f1ate, el alcalde Pedro Inostroza, la Jefa DAEM, Eugenia L\u00f3pez, el Gerente de Paneles Arauco, Marcelo Cifuentes, representantes de Carabineros, Concejales, invitados especiales y familiares.<\/p>\n<p style=\"text-align: justify;\">En la ocasi\u00f3n se entregaron reconocimientos al mejor compa\u00f1ero, al mejor rendimiento y tambi\u00e9n la m\u00fasica y la poes\u00eda estuvo presente.<\/p>\n<p style=\"text-align: justify;\">El Capit\u00e1n Rodrigo Sol\u00eds, manifest\u00f3 al Equipo del Portal Yungayino.cl, que este d\u00eda es muy importante para los nuevos licenciados, ya que es el primer eslab\u00f3n para seguir un mejor futuro en el exterior, si la sociedad les permite reinsertarse de buena manera, tambi\u00e9n se\u00f1alo que este a\u00f1o tambi\u00e9n hay internos dando la PSU y que hay dos ya inscritos para estudiar en un Instituto Profesional.<\/p>\n<p style=\"text-align: justify;\">Marcelo Carrasco, qui\u00e9n se licenci\u00f3, manifest\u00f3 a los presentes muy emocionado sus agradecimiento por esta oportunidad de estudiar, sin embargo hizo un llamado a la sociedad a darles una oportunidad, ya que ellos cometieron un error, el cu\u00e1l lo est\u00e1n pagando, pero sin embargo quieren en el futuro reinsertarse en la sociedad, y para eso necesitan oportunidades.<\/p>\n<p style=\"text-align: justify;\">Finalmente todos los presentes compartieron un coctel.<\/p>\n<p style=\"text-align: justify;\">[su_button url=\u00bbhttps:\/\/www.facebook.com\/media\/set\/?set=a.970281919653514.1073742391.159561284058919&amp;type=3&amp;uploaded=57&#8243; target=\u00bbblank\u00bb size=\u00bb4&#8243; radius=\u00bbround\u00bb icon=\u00bbicon: camera-retro\u00bb]Fotograf\u00edas &#8211; 8 Internos del Centro de Detenci\u00f3n Preventivo de Yungay se Licenciaron de Ense\u00f1anza Media[\/su_button]<\/p>\n","protected":false},"excerpt":{"rendered":"<p>Yungay, mi\u00e9rcoles 3 de diciembre 2014: En una emotiva ceremonia 8 Internos del Centro de Detenci\u00f3n Preventivo de Yungay se licenciaron de Ense\u00f1anza Media, a pesar de estar privados de libertad, concentraron sus esfuerzos&#46;&#46;&#46;<\/p>\n","protected":false},"author":2,"featured_media":12185,"comment_status":"open","ping_status":"open","sticky":false,"template":"","format":"standard","meta":{"footnotes":""},"categories":[1],"tags":[361,1115,8,6],"class_list":["post-12184","post","type-post","status-publish","format-standard","has-post-thumbnail","hentry","category-noticias","tag-gendarmeria","tag-noticias","tag-yungay","tag-yungayino"],"_links":{"self":[{"href":"https:\/\/www.yungayino.cl\/noticias\/index.php?rest_route=\/wp\/v2\/posts\/12184","targetHints":{"allow":["GET"]}}],"collection":[{"href":"https:\/\/www.yungayino.cl\/noticias\/index.php?rest_route=\/wp\/v2\/posts"}],"about":[{"href":"https:\/\/www.yungayino.cl\/noticias\/index.php?rest_route=\/wp\/v2\/types\/post"}],"author":[{"embeddable":true,"href":"https:\/\/www.yungayino.cl\/noticias\/index.php?rest_route=\/wp\/v2\/users\/2"}],"replies":[{"embeddable":true,"href":"https:\/\/www.yungayino.cl\/noticias\/index.php?rest_route=%2Fwp%2Fv2%2Fcomments&post=12184"}],"version-history":[{"count":1,"href":"https:\/\/www.yungayino.cl\/noticias\/index.php?rest_route=\/wp\/v2\/posts\/12184\/revisions"}],"predecessor-version":[{"id":12186,"href":"https:\/\/www.yungayino.cl\/noticias\/index.php?rest_route=\/wp\/v2\/posts\/12184\/revisions\/12186"}],"wp:featuredmedia":[{"embeddable":true,"href":"https:\/\/www.yungayino.cl\/noticias\/index.php?rest_route=\/wp\/v2\/media\/12185"}],"wp:attachment":[{"href":"https:\/\/www.yungayino.cl\/noticias\/index.php?rest_route=%2Fwp%2Fv2%2Fmedia&parent=12184"}],"wp:term":[{"taxonomy":"category","embeddable":true,"href":"https:\/\/www.yungayino.cl\/noticias\/index.php?rest_route=%2Fwp%2Fv2%2Fcategories&post=12184"},{"taxonomy":"post_tag","embeddable":true,"href":"https:\/\/www.yungayino.cl\/noticias\/index.php?rest_route=%2Fwp%2Fv2%2Ftags&post=12184"}],"curies":[{"name":"wp","href":"https:\/\/api.w.org\/{rel}","templated":true}]}}