{"id":12199,"date":"2014-12-05T09:00:28","date_gmt":"2014-12-05T13:00:28","guid":{"rendered":"http:\/\/www.yungayino.cl\/noticias\/?p=12199"},"modified":"2014-12-05T09:37:58","modified_gmt":"2014-12-05T13:37:58","slug":"escuela-fernando-baquedano-realiza-ii-version-expo-educa-2014-en-yungay","status":"publish","type":"post","link":"https:\/\/www.yungayino.cl\/noticias\/?p=12199","title":{"rendered":"Escuela Fernando Baquedano Realiza \u201cII Versi\u00f3n Expo Educa 2014\u201d en Yungay"},"content":{"rendered":"<p><a href=\"http:\/\/www.yungayino.cl\/noticias\/wp-content\/uploads\/2014\/12\/baquedano_20141205.jpg\"><img loading=\"lazy\" decoding=\"async\" class=\"alignnone size-full wp-image-12195\" src=\"http:\/\/www.yungayino.cl\/noticias\/wp-content\/uploads\/2014\/12\/baquedano_20141205.jpg\" alt=\"baquedano_20141205\" width=\"500\" height=\"300\" srcset=\"https:\/\/www.yungayino.cl\/noticias\/wp-content\/uploads\/2014\/12\/baquedano_20141205.jpg 500w, https:\/\/www.yungayino.cl\/noticias\/wp-content\/uploads\/2014\/12\/baquedano_20141205-300x180.jpg 300w, https:\/\/www.yungayino.cl\/noticias\/wp-content\/uploads\/2014\/12\/baquedano_20141205-250x150.jpg 250w\" sizes=\"auto, (max-width: 500px) 100vw, 500px\" \/><\/a><\/p>\n<p style=\"text-align: justify;\">Yungay, jueves 04 de diciembre 2014: En el Ode\u00f3n de la Plaza Iquique de Yungay la Escuela Fernando Baquedano realizo el acto de clausura de la <strong>\u201cII Versi\u00f3n Expo Educa 2014\u201d<\/strong>, bajo el t\u00edtulo \u201c<strong>m\u00e1s all\u00e1 de las aulas\u201d<\/strong>,como una forma de acercar el arte, la tecnolog\u00eda, la ciencia y el lenguaje a la comunidad.<\/p>\n<p style=\"text-align: justify;\">El acto estuvo liderado por su Director Carlos Fernando Palacios, m\u00e1s la compa\u00f1\u00eda de la Jefa DAEM Eugenia L\u00f3pez Hern\u00e1ndez, concejales, autoridades, profesores, alumnos del colegio, quienes observaron y aplaudieron la presentaci\u00f3n del Grupo Andino y el Grupo Instrumental.<\/p>\n<p style=\"text-align: justify;\">Finalmente destacar los excelentes trabajaos exhibidos por los diferentes departamentos del establecimiento educacional, donde los alumnos explicaban cada uno de sus trabajos al p\u00fablico que en ese momento recorr\u00eda la Plaza Iquique de nuestra comuna.<\/p>\n<p style=\"text-align: justify;\">[su_button url=\u00bbhttps:\/\/www.facebook.com\/media\/set\/?set=a.971362582878781.1073742392.159561284058919&amp;type=3&amp;uploaded=37&#8243; target=\u00bbblank\u00bb size=\u00bb4&#8243; radius=\u00bbround\u00bb icon=\u00bbicon: camera-retro\u00bb]Fotograf\u00edas &#8211; Escuela Fernando Baquedano Realiza \u201cII Versi\u00f3n Expo Educa 2014\u201d en Yungay[\/su_button]<\/p>\n","protected":false},"excerpt":{"rendered":"<p>Yungay, jueves 04 de diciembre 2014: En el Ode\u00f3n de la Plaza Iquique de Yungay la Escuela Fernando Baquedano realizo el acto de clausura de la \u201cII Versi\u00f3n Expo Educa 2014\u201d, bajo el t\u00edtulo&#46;&#46;&#46;<\/p>\n","protected":false},"author":2,"featured_media":12195,"comment_status":"open","ping_status":"open","sticky":false,"template":"","format":"standard","meta":{"footnotes":""},"categories":[1],"tags":[190,1115,8,6],"class_list":["post-12199","post","type-post","status-publish","format-standard","has-post-thumbnail","hentry","category-noticias","tag-escuela-fernando-baquedano","tag-noticias","tag-yungay","tag-yungayino"],"_links":{"self":[{"href":"https:\/\/www.yungayino.cl\/noticias\/index.php?rest_route=\/wp\/v2\/posts\/12199","targetHints":{"allow":["GET"]}}],"collection":[{"href":"https:\/\/www.yungayino.cl\/noticias\/index.php?rest_route=\/wp\/v2\/posts"}],"about":[{"href":"https:\/\/www.yungayino.cl\/noticias\/index.php?rest_route=\/wp\/v2\/types\/post"}],"author":[{"embeddable":true,"href":"https:\/\/www.yungayino.cl\/noticias\/index.php?rest_route=\/wp\/v2\/users\/2"}],"replies":[{"embeddable":true,"href":"https:\/\/www.yungayino.cl\/noticias\/index.php?rest_route=%2Fwp%2Fv2%2Fcomments&post=12199"}],"version-history":[{"count":2,"href":"https:\/\/www.yungayino.cl\/noticias\/index.php?rest_route=\/wp\/v2\/posts\/12199\/revisions"}],"predecessor-version":[{"id":12201,"href":"https:\/\/www.yungayino.cl\/noticias\/index.php?rest_route=\/wp\/v2\/posts\/12199\/revisions\/12201"}],"wp:featuredmedia":[{"embeddable":true,"href":"https:\/\/www.yungayino.cl\/noticias\/index.php?rest_route=\/wp\/v2\/media\/12195"}],"wp:attachment":[{"href":"https:\/\/www.yungayino.cl\/noticias\/index.php?rest_route=%2Fwp%2Fv2%2Fmedia&parent=12199"}],"wp:term":[{"taxonomy":"category","embeddable":true,"href":"https:\/\/www.yungayino.cl\/noticias\/index.php?rest_route=%2Fwp%2Fv2%2Fcategories&post=12199"},{"taxonomy":"post_tag","embeddable":true,"href":"https:\/\/www.yungayino.cl\/noticias\/index.php?rest_route=%2Fwp%2Fv2%2Ftags&post=12199"}],"curies":[{"name":"wp","href":"https:\/\/api.w.org\/{rel}","templated":true}]}}