{"id":12211,"date":"2014-12-08T20:00:57","date_gmt":"2014-12-09T00:00:57","guid":{"rendered":"http:\/\/www.yungayino.cl\/noticias\/?p=12211"},"modified":"2014-12-08T22:08:01","modified_gmt":"2014-12-09T02:08:01","slug":"peucanos-de-la-alta-cordillera-celebraron-su-tercer-aniversario-con-fiesta-costumbrista","status":"publish","type":"post","link":"https:\/\/www.yungayino.cl\/noticias\/?p=12211","title":{"rendered":"\u201cPeucanos de la Alta Cordillera\u201d Celebraron su Tercer Aniversario con Fiesta Costumbrista"},"content":{"rendered":"<p><a href=\"http:\/\/www.yungayino.cl\/noticias\/wp-content\/uploads\/2014\/12\/peucanos_201412.jpg\"><img loading=\"lazy\" decoding=\"async\" class=\"alignnone size-full wp-image-12212\" src=\"http:\/\/www.yungayino.cl\/noticias\/wp-content\/uploads\/2014\/12\/peucanos_201412.jpg\" alt=\"peucanos_201412\" width=\"500\" height=\"300\" srcset=\"https:\/\/www.yungayino.cl\/noticias\/wp-content\/uploads\/2014\/12\/peucanos_201412.jpg 500w, https:\/\/www.yungayino.cl\/noticias\/wp-content\/uploads\/2014\/12\/peucanos_201412-300x180.jpg 300w, https:\/\/www.yungayino.cl\/noticias\/wp-content\/uploads\/2014\/12\/peucanos_201412-250x150.jpg 250w\" sizes=\"auto, (max-width: 500px) 100vw, 500px\" \/><\/a><\/p>\n<p style=\"text-align: justify;\">Yungay, la Organizaci\u00f3n Cultural de los <strong>\u201cPeucanos de La Alta Cordillera\u201d<\/strong>, cuya finalidad es rescatar las tradiciones de los habitantes de los sectores rurales de nuestra comuna, celebraron el pasado domingo 07 de noviembre su tercer aniversario con una gran fiesta costumbrista, la que se realiz\u00f3 en la Quinta de Don Vicente Cid en el sector El Cardal.<\/p>\n<p style=\"text-align: justify;\">La jornada se inicio con un saludo de bienvenida por parte del presidente de la agrupaci\u00f3n, Vicente Padilla y la concejala Ang\u00e9lica Cabezas, para luego presentar a las candidatas a reinas 2014, Nicole Flores, Ana Vejar y Yessenia Sandoval.<\/p>\n<p style=\"text-align: justify;\">Durante la tarde los cientos de asistente pudieron disfrutar del tradicional asado de cordero, empanadas, mote con huesillo, tortillas y diferentes productos que ofrec\u00edan los stands instalados.<\/p>\n<p style=\"text-align: justify;\">Las grandes carreras a la chilenas fueron las favoritas del p\u00fablico que asisti\u00f3, as\u00ed como tambi\u00e9n los concursos para los ni\u00f1os y las competencias que disputaban las candidatas a reina para ganar puntaje y poder obtener la corona.<\/p>\n<p style=\"text-align: justify;\">La m\u00fasica ranchera no pod\u00eda estar ausente, es por eso que \u201cLos Hermanos Flores\u201d y \u201cAluvi\u00f3n Ranchero\u201d hicieron bailar con su alegre m\u00fasica a los presentes.<\/p>\n<p style=\"text-align: justify;\">Finalmente destacar que en la coronaci\u00f3n de reina el primer lugar fue para Nicole Flores.<\/p>\n<p style=\"text-align: justify;\">[su_button url=\u00bbhttps:\/\/www.facebook.com\/media\/set\/?set=a.973805589301147.1073742395.159561284058919&amp;type=3&amp;uploaded=117&#8243; target=\u00bbblank\u00bb size=\u00bb4&#8243; radius=\u00bbround\u00bb icon=\u00bbicon: camera-retro\u00bb]Fotograf\u00edas &#8211; \u201cPeucanos de la Alta Cordillera\u201d Celebraron su Tercer Aniversario con Fiesta Costumbrista[\/su_button]<\/p>\n","protected":false},"excerpt":{"rendered":"<p>Yungay, la Organizaci\u00f3n Cultural de los \u201cPeucanos de La Alta Cordillera\u201d, cuya finalidad es rescatar las tradiciones de los habitantes de los sectores rurales de nuestra comuna, celebraron el pasado domingo 07 de noviembre&#46;&#46;&#46;<\/p>\n","protected":false},"author":2,"featured_media":12212,"comment_status":"open","ping_status":"open","sticky":false,"template":"","format":"standard","meta":{"footnotes":""},"categories":[5,1],"tags":[1115,576,1004,8,6],"class_list":["post-12211","post","type-post","status-publish","format-standard","has-post-thumbnail","hentry","category-eventos","category-noticias","tag-noticias","tag-peucanos-de-la-alta-cordillera","tag-tercer-aniversario","tag-yungay","tag-yungayino"],"_links":{"self":[{"href":"https:\/\/www.yungayino.cl\/noticias\/index.php?rest_route=\/wp\/v2\/posts\/12211","targetHints":{"allow":["GET"]}}],"collection":[{"href":"https:\/\/www.yungayino.cl\/noticias\/index.php?rest_route=\/wp\/v2\/posts"}],"about":[{"href":"https:\/\/www.yungayino.cl\/noticias\/index.php?rest_route=\/wp\/v2\/types\/post"}],"author":[{"embeddable":true,"href":"https:\/\/www.yungayino.cl\/noticias\/index.php?rest_route=\/wp\/v2\/users\/2"}],"replies":[{"embeddable":true,"href":"https:\/\/www.yungayino.cl\/noticias\/index.php?rest_route=%2Fwp%2Fv2%2Fcomments&post=12211"}],"version-history":[{"count":2,"href":"https:\/\/www.yungayino.cl\/noticias\/index.php?rest_route=\/wp\/v2\/posts\/12211\/revisions"}],"predecessor-version":[{"id":12214,"href":"https:\/\/www.yungayino.cl\/noticias\/index.php?rest_route=\/wp\/v2\/posts\/12211\/revisions\/12214"}],"wp:featuredmedia":[{"embeddable":true,"href":"https:\/\/www.yungayino.cl\/noticias\/index.php?rest_route=\/wp\/v2\/media\/12212"}],"wp:attachment":[{"href":"https:\/\/www.yungayino.cl\/noticias\/index.php?rest_route=%2Fwp%2Fv2%2Fmedia&parent=12211"}],"wp:term":[{"taxonomy":"category","embeddable":true,"href":"https:\/\/www.yungayino.cl\/noticias\/index.php?rest_route=%2Fwp%2Fv2%2Fcategories&post=12211"},{"taxonomy":"post_tag","embeddable":true,"href":"https:\/\/www.yungayino.cl\/noticias\/index.php?rest_route=%2Fwp%2Fv2%2Ftags&post=12211"}],"curies":[{"name":"wp","href":"https:\/\/api.w.org\/{rel}","templated":true}]}}