{"id":12244,"date":"2014-12-15T15:00:13","date_gmt":"2014-12-15T19:00:13","guid":{"rendered":"http:\/\/www.yungayino.cl\/noticias\/?p=12244"},"modified":"2014-12-15T16:40:16","modified_gmt":"2014-12-15T20:40:16","slug":"la-ilustre-municipalidad-de-yungay-invita-a-participar-de-la-escuela-de-verano-para-ninos","status":"publish","type":"post","link":"https:\/\/www.yungayino.cl\/noticias\/?p=12244","title":{"rendered":"La Ilustre Municipalidad de Yungay Invita a Participar de la Escuela de Verano Para Ni\u00f1os"},"content":{"rendered":"<p><a href=\"http:\/\/www.yungayino.cl\/noticias\/wp-content\/uploads\/2014\/12\/escueladeverano.jpg\"><img loading=\"lazy\" decoding=\"async\" class=\"alignnone size-full wp-image-12245\" src=\"http:\/\/www.yungayino.cl\/noticias\/wp-content\/uploads\/2014\/12\/escueladeverano.jpg\" alt=\"escueladeverano\" width=\"500\" height=\"195\" srcset=\"https:\/\/www.yungayino.cl\/noticias\/wp-content\/uploads\/2014\/12\/escueladeverano.jpg 500w, https:\/\/www.yungayino.cl\/noticias\/wp-content\/uploads\/2014\/12\/escueladeverano-300x117.jpg 300w, https:\/\/www.yungayino.cl\/noticias\/wp-content\/uploads\/2014\/12\/escueladeverano-384x150.jpg 384w\" sizes=\"auto, (max-width: 500px) 100vw, 500px\" \/><\/a><\/p>\n<p style=\"text-align: justify;\">Yungay, lunes 15 de diciembre 2014: La Ilustre Municipalidad de Yungay, el Ministerio de Desarrollo Social y el Instituto Nacional de Deporte, invita a todas las madres de la comuna que trabajan en la temporada de verano a inscribir a sus hijos en el <strong>\u201cPrograma Escuelas de Verano de Campanario y Yungay\u201d.<\/strong><\/p>\n<p style=\"text-align: justify;\">Las interesadas deben dirigirse a la Direcci\u00f3n de Desarrollo Comunitario (DIDECO) desde el d\u00eda 11 al 30 de diciembre, a partir de las 08:15 horas hasta las 13:30 horas con la se\u00f1orita Caterin Acu\u00f1a Sandoval.<\/p>\n<p style=\"text-align: justify;\">Los requisitos para poder inscribir a los ni\u00f1os es solo que deben tener entre 6 y 12 a\u00f1os de edad.<\/p>\n<p>&nbsp;<\/p>\n","protected":false},"excerpt":{"rendered":"<p>Yungay, lunes 15 de diciembre 2014: La Ilustre Municipalidad de Yungay, el Ministerio de Desarrollo Social y el Instituto Nacional de Deporte, invita a todas las madres de la comuna que trabajan en la&#46;&#46;&#46;<\/p>\n","protected":false},"author":2,"featured_media":12245,"comment_status":"open","ping_status":"open","sticky":false,"template":"","format":"standard","meta":{"footnotes":""},"categories":[3,1],"tags":[638,1115,8,6],"class_list":["post-12244","post","type-post","status-publish","format-standard","has-post-thumbnail","hentry","category-actualidad","category-noticias","tag-escuela-de-verano","tag-noticias","tag-yungay","tag-yungayino"],"_links":{"self":[{"href":"https:\/\/www.yungayino.cl\/noticias\/index.php?rest_route=\/wp\/v2\/posts\/12244","targetHints":{"allow":["GET"]}}],"collection":[{"href":"https:\/\/www.yungayino.cl\/noticias\/index.php?rest_route=\/wp\/v2\/posts"}],"about":[{"href":"https:\/\/www.yungayino.cl\/noticias\/index.php?rest_route=\/wp\/v2\/types\/post"}],"author":[{"embeddable":true,"href":"https:\/\/www.yungayino.cl\/noticias\/index.php?rest_route=\/wp\/v2\/users\/2"}],"replies":[{"embeddable":true,"href":"https:\/\/www.yungayino.cl\/noticias\/index.php?rest_route=%2Fwp%2Fv2%2Fcomments&post=12244"}],"version-history":[{"count":3,"href":"https:\/\/www.yungayino.cl\/noticias\/index.php?rest_route=\/wp\/v2\/posts\/12244\/revisions"}],"predecessor-version":[{"id":12248,"href":"https:\/\/www.yungayino.cl\/noticias\/index.php?rest_route=\/wp\/v2\/posts\/12244\/revisions\/12248"}],"wp:featuredmedia":[{"embeddable":true,"href":"https:\/\/www.yungayino.cl\/noticias\/index.php?rest_route=\/wp\/v2\/media\/12245"}],"wp:attachment":[{"href":"https:\/\/www.yungayino.cl\/noticias\/index.php?rest_route=%2Fwp%2Fv2%2Fmedia&parent=12244"}],"wp:term":[{"taxonomy":"category","embeddable":true,"href":"https:\/\/www.yungayino.cl\/noticias\/index.php?rest_route=%2Fwp%2Fv2%2Fcategories&post=12244"},{"taxonomy":"post_tag","embeddable":true,"href":"https:\/\/www.yungayino.cl\/noticias\/index.php?rest_route=%2Fwp%2Fv2%2Ftags&post=12244"}],"curies":[{"name":"wp","href":"https:\/\/api.w.org\/{rel}","templated":true}]}}