{"id":12279,"date":"2014-12-18T11:00:21","date_gmt":"2014-12-18T15:00:21","guid":{"rendered":"http:\/\/www.yungayino.cl\/noticias\/?p=12279"},"modified":"2014-12-18T11:21:08","modified_gmt":"2014-12-18T15:21:08","slug":"municipio-yungayino-y-el-centro-cultural-fernando-baquedano-invita-a-disfrutar-de-la-presentacion-de-la-agrupacion-folclorica-y-cultural-sol-naciente-de-concepcion","status":"publish","type":"post","link":"https:\/\/www.yungayino.cl\/noticias\/?p=12279","title":{"rendered":"Municipio Yungayino y el Centro Cultural Fernando Baquedano Invita a Disfrutar de la Presentaci\u00f3n de la Agrupaci\u00f3n Folcl\u00f3rica y Cultural Sol Naciente de Concepci\u00f3n"},"content":{"rendered":"<p><a href=\"http:\/\/www.yungayino.cl\/noticias\/wp-content\/uploads\/2014\/12\/solnaciente_201412.jpg\"><img loading=\"lazy\" decoding=\"async\" class=\"alignnone size-full wp-image-12275\" src=\"http:\/\/www.yungayino.cl\/noticias\/wp-content\/uploads\/2014\/12\/solnaciente_201412.jpg\" alt=\"solnaciente_201412\" width=\"500\" height=\"735\" srcset=\"https:\/\/www.yungayino.cl\/noticias\/wp-content\/uploads\/2014\/12\/solnaciente_201412.jpg 500w, https:\/\/www.yungayino.cl\/noticias\/wp-content\/uploads\/2014\/12\/solnaciente_201412-204x300.jpg 204w, https:\/\/www.yungayino.cl\/noticias\/wp-content\/uploads\/2014\/12\/solnaciente_201412-102x150.jpg 102w\" sizes=\"auto, (max-width: 500px) 100vw, 500px\" \/><\/a><\/p>\n<p style=\"text-align: justify;\">Yungay, jueves 18 de diciembre 2014: La Ilustre Municipalidad de Yungay y el Centro Cultural Fernando Baquedano invita a toda la comunidad Yungayina y alrededores a disfrutar de una muestra de danza y m\u00fasica latinoamericana interpretada por la Agrupaci\u00f3n Folcl\u00f3rica y Cultural Sol Naciente de Concepci\u00f3n.<\/p>\n<p style=\"text-align: justify;\">Destacar que este espect\u00e1culo imperdible se llevar\u00e1 a cabo el d\u00eda <strong>s\u00e1bado 20 de diciembre a las 19:00 hors<\/strong> en el Sal\u00f3n Comunitario Multiuso de la comuna de Yungay y es totalmente gratis.<\/p>\n","protected":false},"excerpt":{"rendered":"<p>Yungay, jueves 18 de diciembre 2014: La Ilustre Municipalidad de Yungay y el Centro Cultural Fernando Baquedano invita a toda la comunidad Yungayina y alrededores a disfrutar de una muestra de danza y m\u00fasica&#46;&#46;&#46;<\/p>\n","protected":false},"author":2,"featured_media":12275,"comment_status":"open","ping_status":"open","sticky":false,"template":"","format":"standard","meta":{"footnotes":""},"categories":[3,5,1],"tags":[1115,1013,8,6],"class_list":["post-12279","post","type-post","status-publish","format-standard","has-post-thumbnail","hentry","category-actualidad","category-eventos","category-noticias","tag-noticias","tag-sol-naciente","tag-yungay","tag-yungayino"],"_links":{"self":[{"href":"https:\/\/www.yungayino.cl\/noticias\/index.php?rest_route=\/wp\/v2\/posts\/12279","targetHints":{"allow":["GET"]}}],"collection":[{"href":"https:\/\/www.yungayino.cl\/noticias\/index.php?rest_route=\/wp\/v2\/posts"}],"about":[{"href":"https:\/\/www.yungayino.cl\/noticias\/index.php?rest_route=\/wp\/v2\/types\/post"}],"author":[{"embeddable":true,"href":"https:\/\/www.yungayino.cl\/noticias\/index.php?rest_route=\/wp\/v2\/users\/2"}],"replies":[{"embeddable":true,"href":"https:\/\/www.yungayino.cl\/noticias\/index.php?rest_route=%2Fwp%2Fv2%2Fcomments&post=12279"}],"version-history":[{"count":3,"href":"https:\/\/www.yungayino.cl\/noticias\/index.php?rest_route=\/wp\/v2\/posts\/12279\/revisions"}],"predecessor-version":[{"id":12282,"href":"https:\/\/www.yungayino.cl\/noticias\/index.php?rest_route=\/wp\/v2\/posts\/12279\/revisions\/12282"}],"wp:featuredmedia":[{"embeddable":true,"href":"https:\/\/www.yungayino.cl\/noticias\/index.php?rest_route=\/wp\/v2\/media\/12275"}],"wp:attachment":[{"href":"https:\/\/www.yungayino.cl\/noticias\/index.php?rest_route=%2Fwp%2Fv2%2Fmedia&parent=12279"}],"wp:term":[{"taxonomy":"category","embeddable":true,"href":"https:\/\/www.yungayino.cl\/noticias\/index.php?rest_route=%2Fwp%2Fv2%2Fcategories&post=12279"},{"taxonomy":"post_tag","embeddable":true,"href":"https:\/\/www.yungayino.cl\/noticias\/index.php?rest_route=%2Fwp%2Fv2%2Ftags&post=12279"}],"curies":[{"name":"wp","href":"https:\/\/api.w.org\/{rel}","templated":true}]}}