{"id":12283,"date":"2014-12-21T19:00:43","date_gmt":"2014-12-21T23:00:43","guid":{"rendered":"http:\/\/www.yungayino.cl\/noticias\/?p=12283"},"modified":"2014-12-21T23:13:46","modified_gmt":"2014-12-22T03:13:46","slug":"accidente-automovilistico-provoca-muerte-de-joven-yungayino","status":"publish","type":"post","link":"https:\/\/www.yungayino.cl\/noticias\/?p=12283","title":{"rendered":"Accidente Automovil\u00edstico Provoca Muerte de Joven Yungayino"},"content":{"rendered":"<p><a href=\"http:\/\/www.yungayino.cl\/noticias\/wp-content\/uploads\/2014\/12\/image4.jpeg\"><img loading=\"lazy\" decoding=\"async\" class=\"alignnone size-full wp-image-12284\" src=\"http:\/\/www.yungayino.cl\/noticias\/wp-content\/uploads\/2014\/12\/image4.jpeg\" alt=\"image[4]\" width=\"500\" height=\"300\" srcset=\"https:\/\/www.yungayino.cl\/noticias\/wp-content\/uploads\/2014\/12\/image4.jpeg 500w, https:\/\/www.yungayino.cl\/noticias\/wp-content\/uploads\/2014\/12\/image4-300x180.jpeg 300w, https:\/\/www.yungayino.cl\/noticias\/wp-content\/uploads\/2014\/12\/image4-250x150.jpeg 250w\" sizes=\"auto, (max-width: 500px) 100vw, 500px\" \/><\/a><\/p>\n<p style=\"text-align: justify;\">Yungay, domingo 21 de diciembre 2014: Un fatal accidente automovil\u00edstico que se produjo esta madrugada provoc\u00f3 la muerte del joven yungayino Juan Pablo Parra S\u00e1ez de 28 a\u00f1os.<\/p>\n<p style=\"text-align: justify;\">El accidente se produjo a las 05:35 horas de esta madrugada en la Ruta N-59 a la altura del Sector de Chillancito, donde de acuerdo a las primeras versiones el joven que conduc\u00eda el veh\u00edculo Kia, patente DVDJ-92 perdi\u00f3 el control del auto, impactando con un \u00e1rbol, siendo asistido en primera instancia en el Hospital de Yungay.<\/p>\n<p style=\"text-align: justify;\">Posteriormente y debido a la gravedad de las heridas y el Traumatismo Enc\u00e9falo Craneano (<em>TEC)<\/em> cerrado, fue trasladado al Hospital Herminda Martin de Chill\u00e1n, donde horas m\u00e1s tarde falleci\u00f3.<\/p>\n<p style=\"text-align: justify;\">Se\u00f1alar que al lugar se constituy\u00f3 personal de rescate de Bomberos, Carabineros y de Salud del Hospital Pedro Morales, m\u00e1s personal de la SIAT, quien est\u00e1 investigando las causas reales del accidente.<\/p>\n<p style=\"text-align: justify;\">Finalmente el Equipo del Portal Yungayino.cl se suma a las condolencias para su madre la Se\u00f1ora Lina S\u00e1ez y Familia.<\/p>\n<p>[su_button url=\u00bbhttps:\/\/www.facebook.com\/media\/set\/?set=a.982262741788765.1073742407.159561284058919&amp;type=3&amp;uploaded=5&#8243; target=\u00bbblank\u00bb size=\u00bb4&#8243; radius=\u00bbround\u00bb icon=\u00bbicon: camera-retro\u00bb]Fotograf\u00edas &#8211; Accidente Automovil\u00edstico Provoca Muerte de Joven Yungayino [\/su_button]<\/p>\n<p><a href=\"http:\/\/www.yungayino.cl\/noticias\/?p=12283#comments\">Envi\u00e9 Aqu\u00ed sus saludos de Condolencias<\/a><\/p>\n","protected":false},"excerpt":{"rendered":"<p>Yungay, domingo 21 de diciembre 2014: Un fatal accidente automovil\u00edstico que se produjo esta madrugada provoc\u00f3 la muerte del joven yungayino Juan Pablo Parra S\u00e1ez de 28 a\u00f1os. El accidente se produjo a las&#46;&#46;&#46;<\/p>\n","protected":false},"author":2,"featured_media":12284,"comment_status":"open","ping_status":"open","sticky":false,"template":"","format":"standard","meta":{"footnotes":""},"categories":[1],"tags":[1014,1115,8,6],"class_list":["post-12283","post","type-post","status-publish","format-standard","has-post-thumbnail","hentry","category-noticias","tag-juan-pablo-parra-saez","tag-noticias","tag-yungay","tag-yungayino"],"_links":{"self":[{"href":"https:\/\/www.yungayino.cl\/noticias\/index.php?rest_route=\/wp\/v2\/posts\/12283","targetHints":{"allow":["GET"]}}],"collection":[{"href":"https:\/\/www.yungayino.cl\/noticias\/index.php?rest_route=\/wp\/v2\/posts"}],"about":[{"href":"https:\/\/www.yungayino.cl\/noticias\/index.php?rest_route=\/wp\/v2\/types\/post"}],"author":[{"embeddable":true,"href":"https:\/\/www.yungayino.cl\/noticias\/index.php?rest_route=\/wp\/v2\/users\/2"}],"replies":[{"embeddable":true,"href":"https:\/\/www.yungayino.cl\/noticias\/index.php?rest_route=%2Fwp%2Fv2%2Fcomments&post=12283"}],"version-history":[{"count":3,"href":"https:\/\/www.yungayino.cl\/noticias\/index.php?rest_route=\/wp\/v2\/posts\/12283\/revisions"}],"predecessor-version":[{"id":12287,"href":"https:\/\/www.yungayino.cl\/noticias\/index.php?rest_route=\/wp\/v2\/posts\/12283\/revisions\/12287"}],"wp:featuredmedia":[{"embeddable":true,"href":"https:\/\/www.yungayino.cl\/noticias\/index.php?rest_route=\/wp\/v2\/media\/12284"}],"wp:attachment":[{"href":"https:\/\/www.yungayino.cl\/noticias\/index.php?rest_route=%2Fwp%2Fv2%2Fmedia&parent=12283"}],"wp:term":[{"taxonomy":"category","embeddable":true,"href":"https:\/\/www.yungayino.cl\/noticias\/index.php?rest_route=%2Fwp%2Fv2%2Fcategories&post=12283"},{"taxonomy":"post_tag","embeddable":true,"href":"https:\/\/www.yungayino.cl\/noticias\/index.php?rest_route=%2Fwp%2Fv2%2Ftags&post=12283"}],"curies":[{"name":"wp","href":"https:\/\/api.w.org\/{rel}","templated":true}]}}