{"id":12297,"date":"2014-12-30T08:00:02","date_gmt":"2014-12-30T12:00:02","guid":{"rendered":"http:\/\/www.yungayino.cl\/noticias\/?p=12297"},"modified":"2014-12-30T13:53:58","modified_gmt":"2014-12-30T17:53:58","slug":"daem-pone-fin-al-ano-con-emotivas-ceremonias-de-licenciatura-de-jardines-infantiles-y-escuelas","status":"publish","type":"post","link":"https:\/\/www.yungayino.cl\/noticias\/?p=12297","title":{"rendered":"DAEM Pone Fin al A\u00f1o con Emotivas Ceremonias de Licenciatura de Jardines Infantiles y Escuelas"},"content":{"rendered":"<p><a href=\"http:\/\/www.yungayino.cl\/noticias\/wp-content\/uploads\/2014\/12\/DSC_0904.jpg\"><img loading=\"lazy\" decoding=\"async\" class=\"alignnone size-full wp-image-12298\" src=\"http:\/\/www.yungayino.cl\/noticias\/wp-content\/uploads\/2014\/12\/DSC_0904.jpg\" alt=\"DSC_0904\" width=\"500\" height=\"300\" srcset=\"https:\/\/www.yungayino.cl\/noticias\/wp-content\/uploads\/2014\/12\/DSC_0904.jpg 500w, https:\/\/www.yungayino.cl\/noticias\/wp-content\/uploads\/2014\/12\/DSC_0904-300x180.jpg 300w, https:\/\/www.yungayino.cl\/noticias\/wp-content\/uploads\/2014\/12\/DSC_0904-250x150.jpg 250w\" sizes=\"auto, (max-width: 500px) 100vw, 500px\" \/><\/a><\/p>\n<p>Yungay, lunes 29 de diciembre 2014: Como es costumbre, todos los t\u00e9rminos de a\u00f1o y con emotivas ceremonias de Licenciatura Jardines Infantiles, Sala Cunas y Escuelas, el DAEM finaliza a\u00f1o.<\/p>\n<p>Las diferentes actividades contaron con la presencia de las autoridades locales lideradas por la Jefa DAEM Eugenia L\u00f3pez, invitados especiales y los orgullosos padres, que ve\u00edan como se licenciaron los ni\u00f1os de las diferentes Salas Cunas y Jardines Infantiles de nuestra comuna.<\/p>\n<p>Finalmente en cada una de las ceremonias las educadoras, padres y ni\u00f1os compartieron entrega de reconocimientos, regalos y c\u00f3cteles para celebrar este emotivo t\u00e9rmino de a\u00f1o.<\/p>\n<p>[su_button url=\u00bbhttps:\/\/www.facebook.com\/media\/set\/?set=a.988715211143518.1073742408.159561284058919&amp;type=3&amp;uploaded=42&#8243; target=\u00bbblank\u00bb size=\u00bb4&#8243; radius=\u00bbround\u00bb icon=\u00bbicon: camera-retro\u00bb]Fotograf\u00edas Licenciatura Jard\u00edn Campanita &#8211; DAEM[\/su_button]<\/p>\n<p>[su_button url=\u00bbhttps:\/\/www.facebook.com\/media\/set\/?set=a.988720151143024.1073742409.159561284058919&amp;type=3&#8243; target=\u00bbblank\u00bb size=\u00bb4&#8243; radius=\u00bbround\u00bb icon=\u00bbicon: camera-retro\u00bb]Fotograf\u00edas Licenciatura Jard\u00edn Cuncunita &#8211; DAEM[\/su_button]<\/p>\n<p>[su_button url=\u00bbhttps:\/\/www.facebook.com\/media\/set\/?set=a.988725974475775.1073742410.159561284058919&amp;type=3&amp;uploaded=34&#8243; target=\u00bbblank\u00bb size=\u00bb4&#8243; radius=\u00bbround\u00bb icon=\u00bbicon: camera-retro\u00bb]Fotograf\u00edas Licenciatura Jard\u00edn Los Mayos &#8211; DAEM[\/su_button]<\/p>\n<p>[su_button url=\u00bbhttps:\/\/www.facebook.com\/media\/set\/?set=a.988727804475592.1073742411.159561284058919&amp;type=3&amp;uploaded=45&#8243; target=\u00bbblank\u00bb size=\u00bb4&#8243; radius=\u00bbround\u00bb icon=\u00bbicon: camera-retro\u00bb]Fotograf\u00edas Licenciatura Jard\u00edn Mundo de Amor &#8211; DAEM[\/su_button]<\/p>\n<p>[su_button url=\u00bbhttps:\/\/www.facebook.com\/media\/set\/?set=a.988730541141985.1073742412.159561284058919&amp;type=3&amp;uploaded=63&#8243; target=\u00bbblank\u00bb size=\u00bb4&#8243; radius=\u00bbround\u00bb icon=\u00bbicon: camera-retro\u00bb]Fotograf\u00edas Licenciatura Jard\u00ed n Parque Estadio &#8211; DAEM[\/su_button]<\/p>\n<p>[su_button url=\u00bbhttps:\/\/www.facebook.com\/media\/set\/?set=a.988734597808246.1073742413.159561284058919&amp;type=3&amp;uploaded=40&#8243; target=\u00bbblank\u00bb size=\u00bb4&#8243; radius=\u00bbround\u00bb icon=\u00bbicon: camera-retro\u00bb]Fotograf\u00edas Premiaci\u00f3n Liceo Campanario &#8211; DAEM[\/su_button]<\/p>\n","protected":false},"excerpt":{"rendered":"<p>Yungay, lunes 29 de diciembre 2014: Como es costumbre, todos los t\u00e9rminos de a\u00f1o y con emotivas ceremonias de Licenciatura Jardines Infantiles, Sala Cunas y Escuelas, el DAEM finaliza a\u00f1o. Las diferentes actividades contaron&#46;&#46;&#46;<\/p>\n","protected":false},"author":2,"featured_media":12298,"comment_status":"open","ping_status":"open","sticky":false,"template":"","format":"standard","meta":{"footnotes":""},"categories":[5,1],"tags":[355,1016,1115,8,6],"class_list":["post-12297","post","type-post","status-publish","format-standard","has-post-thumbnail","hentry","category-eventos","category-noticias","tag-daem","tag-jardines-infantiles","tag-noticias","tag-yungay","tag-yungayino"],"_links":{"self":[{"href":"https:\/\/www.yungayino.cl\/noticias\/index.php?rest_route=\/wp\/v2\/posts\/12297","targetHints":{"allow":["GET"]}}],"collection":[{"href":"https:\/\/www.yungayino.cl\/noticias\/index.php?rest_route=\/wp\/v2\/posts"}],"about":[{"href":"https:\/\/www.yungayino.cl\/noticias\/index.php?rest_route=\/wp\/v2\/types\/post"}],"author":[{"embeddable":true,"href":"https:\/\/www.yungayino.cl\/noticias\/index.php?rest_route=\/wp\/v2\/users\/2"}],"replies":[{"embeddable":true,"href":"https:\/\/www.yungayino.cl\/noticias\/index.php?rest_route=%2Fwp%2Fv2%2Fcomments&post=12297"}],"version-history":[{"count":6,"href":"https:\/\/www.yungayino.cl\/noticias\/index.php?rest_route=\/wp\/v2\/posts\/12297\/revisions"}],"predecessor-version":[{"id":12305,"href":"https:\/\/www.yungayino.cl\/noticias\/index.php?rest_route=\/wp\/v2\/posts\/12297\/revisions\/12305"}],"wp:featuredmedia":[{"embeddable":true,"href":"https:\/\/www.yungayino.cl\/noticias\/index.php?rest_route=\/wp\/v2\/media\/12298"}],"wp:attachment":[{"href":"https:\/\/www.yungayino.cl\/noticias\/index.php?rest_route=%2Fwp%2Fv2%2Fmedia&parent=12297"}],"wp:term":[{"taxonomy":"category","embeddable":true,"href":"https:\/\/www.yungayino.cl\/noticias\/index.php?rest_route=%2Fwp%2Fv2%2Fcategories&post=12297"},{"taxonomy":"post_tag","embeddable":true,"href":"https:\/\/www.yungayino.cl\/noticias\/index.php?rest_route=%2Fwp%2Fv2%2Ftags&post=12297"}],"curies":[{"name":"wp","href":"https:\/\/api.w.org\/{rel}","templated":true}]}}