{"id":12309,"date":"2015-01-02T10:00:18","date_gmt":"2015-01-02T14:00:18","guid":{"rendered":"http:\/\/www.yungayino.cl\/noticias\/?p=12309"},"modified":"2015-01-02T19:11:06","modified_gmt":"2015-01-02T23:11:06","slug":"energia-baquedano-invita-a-todos-los-vecinos-a-la-segunda-version-del-festival-de-cine-familiar-bajo-las-estrellas","status":"publish","type":"post","link":"https:\/\/www.yungayino.cl\/noticias\/?p=12309","title":{"rendered":"Energ\u00eda Baquedano invita a todos los vecinos a la segunda versi\u00f3n del \u201cFestival de Cine Familiar Bajo las Estrellas\u201d"},"content":{"rendered":"<p><img loading=\"lazy\" decoding=\"async\" class=\"alignnone\" src=\"http:\/\/www.yungayino.cl\/noticias\/wp-content\/uploads\/2014\/02\/cine_bajo_estrellas.jpg\" alt=\"\" width=\"500\" height=\"388\" \/><\/p>\n<p style=\"text-align: justify;\">Yungay, diciembre de 2014. Con el objetivo de continuar aportando a la promoci\u00f3n de la cultura en las comunas de Yungay y Tucapel, Energ\u00eda Baquedano -empresa a cargo de la Peque\u00f1a Central de Paso Baquedano- organizar\u00e1 este verano la segunda versi\u00f3n del Festival de Cine Familiar Bajo las Estrellas, actividad dirigida a toda la comunidad y que nuevamente ser\u00e1 gratuita para los vecinos.<\/p>\n<p style=\"text-align: justify;\">\u201cEn la primera versi\u00f3n de esta iniciativa tuvimos una muy buena experiencia; asistieron muchos vecinos que disfrutaron felices de las pel\u00edculas que proyectamos, \u00a1incluso un d\u00eda con mal tiempo! Por eso, hemos decidido repetir este festival y hacer una segunda versi\u00f3n durante el verano 2015, para seguir aportando a la comunidad local\u201d, se\u00f1al\u00f3 la gerente de Medio Ambiente de Energ\u00eda Baquedano, Fernanda Palomino.<\/p>\n<p style=\"text-align: justify;\">De esta forma, el viernes 9 de enero, a las 21:00 horas, en la plaza de Yungay, se exhibir\u00e1 la exitosa pel\u00edcula animada \u201cR\u00edo 2\u201d, que contin\u00faa con las aventuras de Blu, Perla y sus tres hijos, la entra\u00f1able familia de guacamayos azules que esta vez decide cambiar la m\u00e1gica ciudad de R\u00edo de Janeiro para vivir sus aventuras en la selva.<\/p>\n<p style=\"text-align: justify;\">El s\u00e1bado 10 de enero, a la misma hora, en la plaza de Huepil, ser\u00e1 el turno de la premiada pel\u00edcula argentina \u201cMetegol\u201d, que cuenta la historia de Amadeo, un ni\u00f1o t\u00edmido y muy talentoso en el juego del tradicional taca-taca que deber\u00e1 enfrentarse contra un poderoso rival en el campo de f\u00fatbol, teniendo como tel\u00f3n de fondo no s\u00f3lo el deporte, sino que tambi\u00e9n la amistad y la pasi\u00f3n.<\/p>\n<p style=\"text-align: justify;\">\u201cCreemos que es una actividad perfecta para estas noches de verano, por lo que desde ya queremos dejar invitada a toda la comunidad a disfrutar con este ciclo de cine bajo las estrellas. Ambas pel\u00edculas ser\u00e1n proyectadas en una pantalla inflable de 6&#215;4 metros y esperamos que los vecinos vayan en familia, con sus hijos, t\u00edos y adultos mayores, para que pasen un momento agradable, diferente y entretenido\u201d, agreg\u00f3 Fernanda Palomino.<\/p>\n<p style=\"text-align: justify;\">Esta segunda versi\u00f3n del Festival de Cine Familiar Bajo las Estrellas de Energ\u00eda Baquedano forma parte del plan de desarrollo social de la compa\u00f1\u00eda en la zona, el que lleva trabajando por m\u00e1s de cuatro a\u00f1os junto a los vecinos.<\/p>\n<p style=\"text-align: justify;\">La actividad cuenta con la colaboraci\u00f3n de la Municipalidad de Yungay, de la Uni\u00f3n Comunal de Juntas de Vecinos de Yungay y de la Uni\u00f3n Comunal de Juntas de Vecinos de Tucapel.<\/p>\n","protected":false},"excerpt":{"rendered":"<p>Yungay, diciembre de 2014. Con el objetivo de continuar aportando a la promoci\u00f3n de la cultura en las comunas de Yungay y Tucapel, Energ\u00eda Baquedano -empresa a cargo de la Peque\u00f1a Central de Paso&#46;&#46;&#46;<\/p>\n","protected":false},"author":2,"featured_media":16587,"comment_status":"open","ping_status":"open","sticky":false,"template":"","format":"standard","meta":{"footnotes":""},"categories":[3,5,1],"tags":[870,586,372,1115,8,6],"class_list":["post-12309","post","type-post","status-publish","format-standard","has-post-thumbnail","hentry","category-actualidad","category-eventos","category-noticias","tag-cine-bajo-las-estrellas","tag-energia-baquedano","tag-huepil","tag-noticias","tag-yungay","tag-yungayino"],"_links":{"self":[{"href":"https:\/\/www.yungayino.cl\/noticias\/index.php?rest_route=\/wp\/v2\/posts\/12309","targetHints":{"allow":["GET"]}}],"collection":[{"href":"https:\/\/www.yungayino.cl\/noticias\/index.php?rest_route=\/wp\/v2\/posts"}],"about":[{"href":"https:\/\/www.yungayino.cl\/noticias\/index.php?rest_route=\/wp\/v2\/types\/post"}],"author":[{"embeddable":true,"href":"https:\/\/www.yungayino.cl\/noticias\/index.php?rest_route=\/wp\/v2\/users\/2"}],"replies":[{"embeddable":true,"href":"https:\/\/www.yungayino.cl\/noticias\/index.php?rest_route=%2Fwp%2Fv2%2Fcomments&post=12309"}],"version-history":[{"count":1,"href":"https:\/\/www.yungayino.cl\/noticias\/index.php?rest_route=\/wp\/v2\/posts\/12309\/revisions"}],"predecessor-version":[{"id":12310,"href":"https:\/\/www.yungayino.cl\/noticias\/index.php?rest_route=\/wp\/v2\/posts\/12309\/revisions\/12310"}],"wp:featuredmedia":[{"embeddable":true,"href":"https:\/\/www.yungayino.cl\/noticias\/index.php?rest_route=\/wp\/v2\/media\/16587"}],"wp:attachment":[{"href":"https:\/\/www.yungayino.cl\/noticias\/index.php?rest_route=%2Fwp%2Fv2%2Fmedia&parent=12309"}],"wp:term":[{"taxonomy":"category","embeddable":true,"href":"https:\/\/www.yungayino.cl\/noticias\/index.php?rest_route=%2Fwp%2Fv2%2Fcategories&post=12309"},{"taxonomy":"post_tag","embeddable":true,"href":"https:\/\/www.yungayino.cl\/noticias\/index.php?rest_route=%2Fwp%2Fv2%2Ftags&post=12309"}],"curies":[{"name":"wp","href":"https:\/\/api.w.org\/{rel}","templated":true}]}}