{"id":12334,"date":"2015-01-09T18:00:18","date_gmt":"2015-01-09T22:00:18","guid":{"rendered":"http:\/\/www.yungayino.cl\/noticias\/?p=12334"},"modified":"2015-01-10T13:42:48","modified_gmt":"2015-01-10T16:42:48","slug":"2da-compania-de-cuerpo-de-bomberos-de-yungay-celebra-un-nuevo-aniversario","status":"publish","type":"post","link":"https:\/\/www.yungayino.cl\/noticias\/?p=12334","title":{"rendered":"Segunda Compa\u00f1\u00eda de Cuerpo de Bomberos de Yungay Celebra un Nuevo Aniversario"},"content":{"rendered":"<p style=\"text-align: justify;\">\u00a0Yungay, jueves 8 de enero 2015: A las 21:00 horas\u00a0en el Cuartel General del Cuerpo de Bomberos de Yungay se realiz\u00f3 la sesi\u00f3n solemne del 53\u00ba aniversario de la Segunda Compa\u00f1\u00eda de Bomberos de Yungay\u00a0y el cambio de mando para el periodo 2015.<\/p>\n<p style=\"text-align: justify;\">La actividad comenz\u00f3 con la lectura del acta de fundaci\u00f3n, de la Compa\u00f1\u00eda a cargo del Secretario Mat\u00edas Arias. Continuando con la ceremonia se realiz\u00f3 entrega de diplomas a los voluntarios por la destacada participaci\u00f3n en diferentes cursos, adem\u00e1s de entrega de regalos y reconocimientos a quienes colaboran de forma voluntaria con la compa\u00f1\u00eda.<\/p>\n<p style=\"text-align: justify;\">Por su parte el nuevo Superintendente Pedro Carrasco Mieres realizo un discurso, donde reitero sus felicitaciones a los integrantes de esta compa\u00f1\u00eda e hizo un llamado a seguir trabajando todos unidos como una gran familia.<\/p>\n<p style=\"text-align: justify;\">Destacar que como parte de las actividades de su aniversario la compa\u00f1\u00eda realizar\u00e1 hoy viernes 9 de enero a las 21:00 horas el tradicional bautizo de 4 nuevos voluntarios y el s\u00e1bado 10 realizar\u00e1 una actividad participativa con la comunidad, la cu\u00e1l contempla realizar juegos de aguas para los ni\u00f1os en las poblaciones Juan Pablo II, La Concepci\u00f3n, Trilaleo y Tres Esquinas a partir de las 18:00 horas.<\/p>\n<p style=\"text-align: justify;\">Finalmente la ceremonia termin\u00f3 con el himno de los bomberos y luego los asistentes e invitados compartieron un c\u00f3ctel.<\/p>\n<p style=\"text-align: justify;\">[su_button url=\u00bbhttps:\/\/www.facebook.com\/media\/set\/?set=a.998570480157991.1073742416.159561284058919&amp;type=3&amp;uploaded=49&#8243; target=\u00bbblank\u00bb size=\u00bb4&#8243; radius=\u00bbround\u00bb icon=\u00bbicon: camera-retro\u00bb]Fotograf\u00edas &#8211; 2 Compa\u00f1\u00eda de Cuerpo de Bomberos de Yungay Celebra un Nuevo Aniversario[\/su_button]<\/p>\n","protected":false},"excerpt":{"rendered":"<p>\u00a0Yungay, jueves 8 de enero 2015: A las 21:00 horas\u00a0en el Cuartel General del Cuerpo de Bomberos de Yungay se realiz\u00f3 la sesi\u00f3n solemne del 53\u00ba aniversario de la Segunda Compa\u00f1\u00eda de Bomberos de&#46;&#46;&#46;<\/p>\n","protected":false},"author":2,"featured_media":12342,"comment_status":"open","ping_status":"open","sticky":false,"template":"","format":"standard","meta":{"footnotes":""},"categories":[1],"tags":[37,1115,1022,8,6],"class_list":["post-12334","post","type-post","status-publish","format-standard","has-post-thumbnail","hentry","category-noticias","tag-bomberos","tag-noticias","tag-segunda-compania","tag-yungay","tag-yungayino"],"_links":{"self":[{"href":"https:\/\/www.yungayino.cl\/noticias\/index.php?rest_route=\/wp\/v2\/posts\/12334","targetHints":{"allow":["GET"]}}],"collection":[{"href":"https:\/\/www.yungayino.cl\/noticias\/index.php?rest_route=\/wp\/v2\/posts"}],"about":[{"href":"https:\/\/www.yungayino.cl\/noticias\/index.php?rest_route=\/wp\/v2\/types\/post"}],"author":[{"embeddable":true,"href":"https:\/\/www.yungayino.cl\/noticias\/index.php?rest_route=\/wp\/v2\/users\/2"}],"replies":[{"embeddable":true,"href":"https:\/\/www.yungayino.cl\/noticias\/index.php?rest_route=%2Fwp%2Fv2%2Fcomments&post=12334"}],"version-history":[{"count":7,"href":"https:\/\/www.yungayino.cl\/noticias\/index.php?rest_route=\/wp\/v2\/posts\/12334\/revisions"}],"predecessor-version":[{"id":12344,"href":"https:\/\/www.yungayino.cl\/noticias\/index.php?rest_route=\/wp\/v2\/posts\/12334\/revisions\/12344"}],"wp:featuredmedia":[{"embeddable":true,"href":"https:\/\/www.yungayino.cl\/noticias\/index.php?rest_route=\/wp\/v2\/media\/12342"}],"wp:attachment":[{"href":"https:\/\/www.yungayino.cl\/noticias\/index.php?rest_route=%2Fwp%2Fv2%2Fmedia&parent=12334"}],"wp:term":[{"taxonomy":"category","embeddable":true,"href":"https:\/\/www.yungayino.cl\/noticias\/index.php?rest_route=%2Fwp%2Fv2%2Fcategories&post=12334"},{"taxonomy":"post_tag","embeddable":true,"href":"https:\/\/www.yungayino.cl\/noticias\/index.php?rest_route=%2Fwp%2Fv2%2Ftags&post=12334"}],"curies":[{"name":"wp","href":"https:\/\/api.w.org\/{rel}","templated":true}]}}