{"id":12383,"date":"2015-01-16T10:00:20","date_gmt":"2015-01-16T13:00:20","guid":{"rendered":"http:\/\/www.yungayino.cl\/noticias\/?p=12383"},"modified":"2015-01-16T14:37:32","modified_gmt":"2015-01-16T17:37:32","slug":"un-muerto-y-dos-heridos-dejo-accidente-en-yungay-2","status":"publish","type":"post","link":"https:\/\/www.yungayino.cl\/noticias\/?p=12383","title":{"rendered":"Un Muerto y Dos Heridos Dejo Accidente en Yungay"},"content":{"rendered":"<p style=\"text-align: justify;\">Yungay, viernes 16 de enero 2015: Un muerto y dos heridos, fue el saldo de un violento accidente de tr\u00e1nsito registrado cerca de las 03:04 horas de esta madrugada, en el kil\u00f3metro 3,47 de la Ruta N-935 Sector Urbano de Yungay hacia la salida precordillerana del Sector el Cardal.<\/p>\n<p style=\"text-align: justify;\">En este fatal accidente se vieron involucrados, el vehiculo menor Volkswagen modelo Wolf, Patente BP-2010 conducido por Edgar Enrique Tapia Mart\u00ednez de 25 a\u00f1os con domicilio en el sector El Cardal de Yungay, qui\u00e9n al enfrenta una curva existente en el lugar colision\u00f3 con el carro del cami\u00f3n Marca Western, Patente DP-WL-70, qui\u00e9n circulaba hacia el poniente y transportaba metros ruma, conducido por David Belarmino Ch\u00e1vez Garc\u00eda de 34 a\u00f1os con domicilio en la comuna de Mulch\u00e9n, habr\u00eda perdido el control del cami\u00f3n sobrepasando el eje central de la calzada chocando contra un \u00e1rbol y posteriormente volcando hacia un costado de la ruta.<\/p>\n<p style=\"text-align: justify;\">A ra\u00edz de lo anteriormente mencionado el conductor del cami\u00f3n falleci\u00f3 mientras recib\u00eda atenci\u00f3n m\u00e9dica en el servicio de urgencia del Hospital de Yungay, en tanto el conductor del vehiculo menor y su \u00fanica acompa\u00f1ante, Ver\u00f3nica Ximena Mart\u00ednez Gutierrez de 43 a\u00f1os luego de ser atendidos en el Hospital de Yungay fueron trasladados al Hospital de Chill\u00e1n con lesiones de car\u00e1cter grave. Finalmente funcionarios de la SIAT de Carabineros de Chill\u00e1n, concurri\u00f3 al lugar para investigan las causas de este fatal accidente.<\/p>\n<p style=\"text-align: justify;\">[su_button url=\u00bbhttps:\/\/www.facebook.com\/media\/set\/?set=a.1002406119774427.1073742420.159561284058919&amp;type=1&#8243; target=\u00bbblank\u00bb size=\u00bb6&#8243; radius=\u00bbround\u00bb icon=\u00bbicon: camera-retro\u00bb]Fotograf\u00edas &#8211; Un Muerto y Dos Heridos Dejo Accidente en Yungay[\/su_button]<\/p>\n","protected":false},"excerpt":{"rendered":"<p>Yungay, viernes 16 de enero 2015: Un muerto y dos heridos, fue el saldo de un violento accidente de tr\u00e1nsito registrado cerca de las 03:04 horas de esta madrugada, en el kil\u00f3metro 3,47 de&#46;&#46;&#46;<\/p>\n","protected":false},"author":2,"featured_media":12384,"comment_status":"open","ping_status":"open","sticky":false,"template":"","format":"standard","meta":{"footnotes":""},"categories":[1],"tags":[1115,8,6],"class_list":["post-12383","post","type-post","status-publish","format-standard","has-post-thumbnail","hentry","category-noticias","tag-noticias","tag-yungay","tag-yungayino"],"_links":{"self":[{"href":"https:\/\/www.yungayino.cl\/noticias\/index.php?rest_route=\/wp\/v2\/posts\/12383","targetHints":{"allow":["GET"]}}],"collection":[{"href":"https:\/\/www.yungayino.cl\/noticias\/index.php?rest_route=\/wp\/v2\/posts"}],"about":[{"href":"https:\/\/www.yungayino.cl\/noticias\/index.php?rest_route=\/wp\/v2\/types\/post"}],"author":[{"embeddable":true,"href":"https:\/\/www.yungayino.cl\/noticias\/index.php?rest_route=\/wp\/v2\/users\/2"}],"replies":[{"embeddable":true,"href":"https:\/\/www.yungayino.cl\/noticias\/index.php?rest_route=%2Fwp%2Fv2%2Fcomments&post=12383"}],"version-history":[{"count":5,"href":"https:\/\/www.yungayino.cl\/noticias\/index.php?rest_route=\/wp\/v2\/posts\/12383\/revisions"}],"predecessor-version":[{"id":12389,"href":"https:\/\/www.yungayino.cl\/noticias\/index.php?rest_route=\/wp\/v2\/posts\/12383\/revisions\/12389"}],"wp:featuredmedia":[{"embeddable":true,"href":"https:\/\/www.yungayino.cl\/noticias\/index.php?rest_route=\/wp\/v2\/media\/12384"}],"wp:attachment":[{"href":"https:\/\/www.yungayino.cl\/noticias\/index.php?rest_route=%2Fwp%2Fv2%2Fmedia&parent=12383"}],"wp:term":[{"taxonomy":"category","embeddable":true,"href":"https:\/\/www.yungayino.cl\/noticias\/index.php?rest_route=%2Fwp%2Fv2%2Fcategories&post=12383"},{"taxonomy":"post_tag","embeddable":true,"href":"https:\/\/www.yungayino.cl\/noticias\/index.php?rest_route=%2Fwp%2Fv2%2Ftags&post=12383"}],"curies":[{"name":"wp","href":"https:\/\/api.w.org\/{rel}","templated":true}]}}