{"id":12393,"date":"2015-01-16T22:00:14","date_gmt":"2015-01-17T01:00:14","guid":{"rendered":"http:\/\/www.yungayino.cl\/noticias\/?p=12393"},"modified":"2015-01-17T15:12:17","modified_gmt":"2015-01-17T18:12:17","slug":"inauguran-parque-mirador-salto-del-itata-en-yungay","status":"publish","type":"post","link":"https:\/\/www.yungayino.cl\/noticias\/?p=12393","title":{"rendered":"Inauguran Parque Mirador Salto del Itata en Yungay"},"content":{"rendered":"<p style=\"text-align: justify;\">Yungay, viernes 15 de enero 2015: Con el fin de potenciar el atractivo tur\u00edstico de la zona, El\u00e9ctrica Puntilla y la Municipalidad de Yungay inauguraron hoy la primera etapa del proyecto Parque Mirador Salto del Itata, que est\u00e1n realizando en conjunto.<\/p>\n<p style=\"text-align: justify;\">La ceremonia estuvo encabezada por el alcalde de Yungay, Pedro Inostroza Valenzuela, autoridades del municipio, representantes de El\u00e9ctrica Puntilla, de las juntas de vecinos de Ranchillos, San Miguel de Itata y Curapaso, adem\u00e1s de vecinos de la zona. En el acto, el edil manifest\u00f3 su satisfacci\u00f3n con el proyecto, se\u00f1alando que \u201ces un gran avance para el sector y entregar\u00e1 otro sentido tur\u00edstico a nuestra comuna\u201d y agreg\u00f3 que \u201cser\u00e1 responsabilidad de todos cuidar el valor patrimonial del Salto\u201d.<\/p>\n<p style=\"text-align: justify;\">El Parque, que tendr\u00e1 una serie de instalaciones, se ir\u00e1 entregando en etapas y estar\u00eda terminado a principios del pr\u00f3ximo a\u00f1o. En esta primera etapa se incluyeron estacionamientos, accesos, ba\u00f1os, senderos, basureros y vigilancia para recibir a los visitantes.<\/p>\n<p style=\"text-align: justify;\">Jorge Advis, gerente del Proyecto Itata, se\u00f1al\u00f3 que \u201cesperamos que este parque, con el impresionante Salto del Itata, sea un polo de atracci\u00f3n y forme parte de un circuito tur\u00edstico, que integre otros atractivos de la comuna como el rodeo y la fiesta costumbrista. Con este proyecto, estamos fomentando el turismo en Yungay e incentivando que la gente elija estos paisajes como un destino para visitar en vacaciones y durante todo el a\u00f1o\u00bb, coment\u00f3 el ejecutivo.<\/p>\n<p style=\"text-align: justify;\"><strong><span style=\"text-decoration: underline;\">El proyecto Mirador Salto del Itata considera la instalaci\u00f3n de:<\/span><\/strong><\/p>\n<p style=\"text-align: justify;\">* Un centro de servicios con ba\u00f1os de uso p\u00fablico.<\/p>\n<p style=\"text-align: justify;\">* Un sector de informaciones para los turistas.<\/p>\n<p style=\"text-align: justify;\">* M\u00f3dulos comerciales para incentivar el emprendimiento, la gastronom\u00eda y artesan\u00eda local.<\/p>\n<p style=\"text-align: justify;\">* Senderos para recorrer el Parque.<\/p>\n<p style=\"text-align: justify;\">* Dos \u00e1reas habilitadas para picnic.<\/p>\n<p style=\"text-align: justify;\">* Estaciones de basura para promover la mantenci\u00f3n y cuidado del sector.<\/p>\n<p style=\"text-align: justify;\">* Miradores para apreciar la belleza del Salto y del paisaje aleda\u00f1o.<\/p>\n<p style=\"text-align: justify;\">\u00a0<strong>Sobre la minicentral ITATA<\/strong><\/p>\n<p style=\"text-align: justify;\">El proyecto\u00a0Itata, propiedad de El\u00e9ctrica Puntilla, consiste en la construcci\u00f3n y operaci\u00f3n de una minicentral de pasada de 20 MW, que permitir\u00e1\u00a0 entregar energ\u00eda limpia y renovable al Sistema Interconectado Central (SIC). En verano la central no operar\u00e1 durante el d\u00eda, evitando perjudicar las actividades recreativas y la belleza esc\u00e9nica del Salto.<\/p>\n<p style=\"text-align: justify;\">[su_button url=\u00bbhttps:\/\/www.facebook.com\/media\/set\/?set=a.1002961053052267.1073742422.159561284058919&amp;type=3&amp;uploaded=44&#8243; target=\u00bbblank\u00bb size=\u00bb6&#8243; radius=\u00bbround\u00bb icon=\u00bbicon: camera-retro\u00bb]Fotograf\u00edas &#8211; Inauguran Parque Mirador Salto del Itata en Yungay[\/su_button]<\/p>\n","protected":false},"excerpt":{"rendered":"<p>Yungay, viernes 15 de enero 2015: Con el fin de potenciar el atractivo tur\u00edstico de la zona, El\u00e9ctrica Puntilla y la Municipalidad de Yungay inauguraron hoy la primera etapa del proyecto Parque Mirador Salto&#46;&#46;&#46;<\/p>\n","protected":false},"author":2,"featured_media":12401,"comment_status":"open","ping_status":"open","sticky":false,"template":"","format":"standard","meta":{"footnotes":""},"categories":[3,14,1,15],"tags":[1115,880,8,6],"class_list":["post-12393","post","type-post","status-publish","format-standard","has-post-thumbnail","hentry","category-actualidad","category-historia","category-noticias","category-turismo","tag-noticias","tag-salto-del-itata","tag-yungay","tag-yungayino"],"_links":{"self":[{"href":"https:\/\/www.yungayino.cl\/noticias\/index.php?rest_route=\/wp\/v2\/posts\/12393","targetHints":{"allow":["GET"]}}],"collection":[{"href":"https:\/\/www.yungayino.cl\/noticias\/index.php?rest_route=\/wp\/v2\/posts"}],"about":[{"href":"https:\/\/www.yungayino.cl\/noticias\/index.php?rest_route=\/wp\/v2\/types\/post"}],"author":[{"embeddable":true,"href":"https:\/\/www.yungayino.cl\/noticias\/index.php?rest_route=\/wp\/v2\/users\/2"}],"replies":[{"embeddable":true,"href":"https:\/\/www.yungayino.cl\/noticias\/index.php?rest_route=%2Fwp%2Fv2%2Fcomments&post=12393"}],"version-history":[{"count":3,"href":"https:\/\/www.yungayino.cl\/noticias\/index.php?rest_route=\/wp\/v2\/posts\/12393\/revisions"}],"predecessor-version":[{"id":12399,"href":"https:\/\/www.yungayino.cl\/noticias\/index.php?rest_route=\/wp\/v2\/posts\/12393\/revisions\/12399"}],"wp:featuredmedia":[{"embeddable":true,"href":"https:\/\/www.yungayino.cl\/noticias\/index.php?rest_route=\/wp\/v2\/media\/12401"}],"wp:attachment":[{"href":"https:\/\/www.yungayino.cl\/noticias\/index.php?rest_route=%2Fwp%2Fv2%2Fmedia&parent=12393"}],"wp:term":[{"taxonomy":"category","embeddable":true,"href":"https:\/\/www.yungayino.cl\/noticias\/index.php?rest_route=%2Fwp%2Fv2%2Fcategories&post=12393"},{"taxonomy":"post_tag","embeddable":true,"href":"https:\/\/www.yungayino.cl\/noticias\/index.php?rest_route=%2Fwp%2Fv2%2Ftags&post=12393"}],"curies":[{"name":"wp","href":"https:\/\/api.w.org\/{rel}","templated":true}]}}