{"id":12429,"date":"2015-01-20T15:00:30","date_gmt":"2015-01-20T18:00:30","guid":{"rendered":"http:\/\/www.yungayino.cl\/noticias\/?p=12429"},"modified":"2015-01-22T23:54:07","modified_gmt":"2015-01-23T02:54:07","slug":"yungay-celebra-173-anos-de-vida-con-acto-civico-y-desfile","status":"publish","type":"post","link":"https:\/\/www.yungayino.cl\/noticias\/?p=12429","title":{"rendered":"Yungay Celebra 173 A\u00f1os de Vida con Acto C\u00edvico y Desfile"},"content":{"rendered":"<p style=\"text-align: justify;\">Yungay, martes 20 de enero 2015: En el Frontis del Municipio como de costumbre fue el escenario escogido para realizar el acto c\u00edvico y desfile de conmemoraci\u00f3n de un nuevo aniversario de Yungay, que en esta oportunidad celebr\u00f3 173 a\u00f1os desde su fundaci\u00f3n.<\/p>\n<p style=\"text-align: justify;\">El acto y desfile estuvieron encabezado por el alcalde Pedro Inostroza Valenzuela, quien estuvo acompa\u00f1ado por la Gobernadora de \u00d1uble, Lorena Vera Arriagada, el alcalde de Cobquecura, Osvaldo Caro, el alcalde de Antuco, Claudio Solar, la alcaldesa de Pemuco Jacqueline Gui\u00f1ez, el Diputado Rosauro Mart\u00ednez, el Consejero Regional, Cristian Quiroz, el Prefecto de Carabineros de \u00d1uble, Coronel Luis Silva, Concejales, Autoridades Locales y Representantes de diversas Instituciones.<\/p>\n<p style=\"text-align: justify;\">Durante el acto se realizaron entrega de reconocimiento a integrantes de la Banda de Guerra de Yungay, as\u00ed como tambi\u00e9n a destacados dirigentes que representaban a Instituciones Deportivas de nuestra comuna, tambi\u00e9n se entrego un estimulo al Grupo Los Halcones Negros, por su trayectoria tanto nacional como internacional, y donde siempre a representado bien a la comuna. Por su parte el Club de Rotarios de Yungay tambi\u00e9n se hizo presente entregando un reconocimiento a la Escuela de F\u00fatbol \u201cLos Pumas de Yungay\u201d.<\/p>\n<p style=\"text-align: justify;\">En su intervenci\u00f3n, el alcalde Pedro Inostroza destac\u00f3 que Yungay sigue creciendo y entregando m\u00e1s oportunidades a sus vecinos, destac\u00f3 dentro de su mensaje el avance de la pavimentaci\u00f3n de las calles de Campanario, tambi\u00e9n el cambio que se realizar\u00e1 en esta localidad con respecto a la iluminaci\u00f3n, que contempla cambios de luminarias con tecnolog\u00eda LED, por otro lado destac\u00f3 el proceso de compra que se lleva a cabo de una m\u00e1quina motoniveladora, que se utilizar\u00e1 para las mejoras de los caminos rurales, y finalmente anunci\u00f3 la construcci\u00f3n para este a\u00f1o de un moderno Gimnasio Municipal en el Recinto Estadio, pero sin embargo reconoci\u00f3 que aun faltan cosas, como es solucionar lo antes posible lo que es el Edificio del Liceo.<\/p>\n<p style=\"text-align: justify;\">Posteriormente, se llevo a cabo el desfile donde participaron las organizaciones vivas de la comuna, lo que dio a\u00fan m\u00e1s realce y emotividad a la jornada.<\/p>\n<p style=\"text-align: justify;\">Una vez terminada el desfile c\u00edvico, el alcalde Pedro Inostroza Valenzuela agradeci\u00f3 a todas las delegaciones que le dieron vida a este nuevo aniversario, as\u00ed como a los funcionarios que representaron de manera muy solemne al municipio y reiter\u00f3 su invitaci\u00f3n a toda la comunidad a participar de las diferentes actividades de la \u201cSemana Yungayina 2015.\u201d<\/p>\n<p style=\"text-align: justify;\">[su_button url=\u00bbhttps:\/\/www.facebook.com\/media\/set\/?set=a.1004704569544582.1073742427.159561284058919&amp;type=3&amp;uploaded=291&#8243; target=\u00bbblank\u00bb size=\u00bb6&#8243; radius=\u00bbround\u00bb icon=\u00bbicon: camera-retro\u00bb]Fotograf\u00edas &#8211; Yungay Celebra 173 A\u00f1os de Vida con Acto C\u00edvico y Desfile[\/su_button]<\/p>\n","protected":false},"excerpt":{"rendered":"<p>Yungay, martes 20 de enero 2015: En el Frontis del Municipio como de costumbre fue el escenario escogido para realizar el acto c\u00edvico y desfile de conmemoraci\u00f3n de un nuevo aniversario de Yungay, que&#46;&#46;&#46;<\/p>\n","protected":false},"author":2,"featured_media":12430,"comment_status":"open","ping_status":"open","sticky":false,"template":"","format":"standard","meta":{"footnotes":""},"categories":[3,14,1],"tags":[1028,1115,1024,8,6],"class_list":["post-12429","post","type-post","status-publish","format-standard","has-post-thumbnail","hentry","category-actualidad","category-historia","category-noticias","tag-acto-y-desfile-20-enero","tag-noticias","tag-semana-yungayina-2015","tag-yungay","tag-yungayino"],"_links":{"self":[{"href":"https:\/\/www.yungayino.cl\/noticias\/index.php?rest_route=\/wp\/v2\/posts\/12429","targetHints":{"allow":["GET"]}}],"collection":[{"href":"https:\/\/www.yungayino.cl\/noticias\/index.php?rest_route=\/wp\/v2\/posts"}],"about":[{"href":"https:\/\/www.yungayino.cl\/noticias\/index.php?rest_route=\/wp\/v2\/types\/post"}],"author":[{"embeddable":true,"href":"https:\/\/www.yungayino.cl\/noticias\/index.php?rest_route=\/wp\/v2\/users\/2"}],"replies":[{"embeddable":true,"href":"https:\/\/www.yungayino.cl\/noticias\/index.php?rest_route=%2Fwp%2Fv2%2Fcomments&post=12429"}],"version-history":[{"count":3,"href":"https:\/\/www.yungayino.cl\/noticias\/index.php?rest_route=\/wp\/v2\/posts\/12429\/revisions"}],"predecessor-version":[{"id":12454,"href":"https:\/\/www.yungayino.cl\/noticias\/index.php?rest_route=\/wp\/v2\/posts\/12429\/revisions\/12454"}],"wp:featuredmedia":[{"embeddable":true,"href":"https:\/\/www.yungayino.cl\/noticias\/index.php?rest_route=\/wp\/v2\/media\/12430"}],"wp:attachment":[{"href":"https:\/\/www.yungayino.cl\/noticias\/index.php?rest_route=%2Fwp%2Fv2%2Fmedia&parent=12429"}],"wp:term":[{"taxonomy":"category","embeddable":true,"href":"https:\/\/www.yungayino.cl\/noticias\/index.php?rest_route=%2Fwp%2Fv2%2Fcategories&post=12429"},{"taxonomy":"post_tag","embeddable":true,"href":"https:\/\/www.yungayino.cl\/noticias\/index.php?rest_route=%2Fwp%2Fv2%2Ftags&post=12429"}],"curies":[{"name":"wp","href":"https:\/\/api.w.org\/{rel}","templated":true}]}}