{"id":12437,"date":"2015-01-22T05:00:26","date_gmt":"2015-01-22T08:00:26","guid":{"rendered":"http:\/\/www.yungayino.cl\/noticias\/?p=12437"},"modified":"2015-01-23T12:34:37","modified_gmt":"2015-01-23T15:34:37","slug":"gran-capitals-los-jaivas-y-los-tres-se-presentaron-en-yungay","status":"publish","type":"post","link":"https:\/\/www.yungayino.cl\/noticias\/?p=12437","title":{"rendered":"Gran Capitals, Los Jaivas y Los Tres se presentaron en Yungay"},"content":{"rendered":"<p style=\"text-align: justify;\">Yungay, 21 enero 2015: En el Recinto Trilaleo se instal\u00f3 toda una infraestructura de primer nivel a cargo de la productora MATHIEU y donde la animaci\u00f3n estuvo a cargo de Francisco Rivas de Concepci\u00f3n.<\/p>\n<p style=\"text-align: justify;\">Los encargados de dar inicio a esta noche de show art\u00edstico fue el grupo <strong>Gran Capitals<\/strong>, quienes interpretan m\u00fasica directa, honesta y simple, recibiendo el apoyo de los asistentes.<\/p>\n<p style=\"text-align: center;\"><iframe loading=\"lazy\" src=\"\/\/www.youtube.com\/embed\/7D0u8OHwfTA?rel=0\" width=\"560\" height=\"315\" frameborder=\"0\" allowfullscreen=\"allowfullscreen\"><\/iframe><\/p>\n<p style=\"text-align: justify;\">Para continuar con el Team More, quienes hicieron participar al p\u00fablico a trav\u00e9s de sus coreograf\u00edas de baile.<\/p>\n<p style=\"text-align: justify;\">Luego fue el turno del grupo <strong>Los Jaivas, <\/strong>banda chilena destacada por la combinaci\u00f3n del rock progresivo con ritmos folcl\u00f3ricos, junto con la incorporaci\u00f3n de instrumentos y melod\u00edas latinoamericanas. Los Jaivas, los a\u00f1os 2013 y 2014 realizaron una extensa gira por nuestro pa\u00eds en el marco de la celebraci\u00f3n de sus 50 a\u00f1os de trayectoria.<\/p>\n<p style=\"text-align: justify;\"><iframe loading=\"lazy\" src=\"\/\/www.youtube.com\/embed\/qIHjn78J3Hg\" width=\"600\" height=\"300\"><\/iframe><\/p>\n<p style=\"text-align: justify;\">Para el cierre de la noche se realiz\u00f3 la presentaci\u00f3n de la banda <strong>Los Tres<\/strong>, reconocida banda nacional formada en el a\u00f1o 1987 en la ciudad de Concepci\u00f3n, es una de las bandas hispanoamericanas m\u00e1s influyentes a partir de los noventas, lo que abri\u00f3 mercados a nuevas bandas emergentes. La banda es un fiel representante del rock chileno, que integra tanto el rockabilly como el jazz, as\u00ed como de la m\u00fasica tradicional, a trav\u00e9s de la cueca.<\/p>\n<p style=\"text-align: justify;\">Los Tres finalizaron su presentaci\u00f3n cerca de las dos y media de la madrugada, con un p\u00fablico que coreaba cada uno de sus \u00e9xitos, los m\u00fasicos se presentar\u00e1n pr\u00f3ximamente en el Festival del Huaso de Olmu\u00e9 y adem\u00e1s una gira por pa\u00edses latinoamericanos.<\/p>\n<p style=\"text-align: justify;\"><iframe loading=\"lazy\" src=\"\/\/www.youtube.com\/embed\/bvfkSPuTDwU\" width=\"600\" height=\"300\"><\/iframe><\/p>\n<p style=\"text-align: justify;\">[su_button url=\u00bbhttps:\/\/www.facebook.com\/media\/set\/?set=a.1005676529447386.1073742430.159561284058919&amp;type=3&amp;uploaded=211&#8243; target=\u00bbblank\u00bb size=\u00bb7&#8243; radius=\u00bbround\u00bb icon=\u00bbicon: camera-retro\u00bb]Fotograf\u00edas &#8211; Gran Capitals, Los Jaivas y Los Tres se presentaron en Yungay[\/su_button]<\/p>\n","protected":false},"excerpt":{"rendered":"<p>Yungay, 21 enero 2015: En el Recinto Trilaleo se instal\u00f3 toda una infraestructura de primer nivel a cargo de la productora MATHIEU y donde la animaci\u00f3n estuvo a cargo de Francisco Rivas de Concepci\u00f3n.&#46;&#46;&#46;<\/p>\n","protected":false},"author":2,"featured_media":12439,"comment_status":"open","ping_status":"open","sticky":false,"template":"","format":"standard","meta":{"footnotes":""},"categories":[3,5,1,15],"tags":[1029,1030,1031,1115,1024,8,6],"class_list":["post-12437","post","type-post","status-publish","format-standard","has-post-thumbnail","hentry","category-actualidad","category-eventos","category-noticias","category-turismo","tag-gran-capitals","tag-los-jaivas","tag-los-tres","tag-noticias","tag-semana-yungayina-2015","tag-yungay","tag-yungayino"],"_links":{"self":[{"href":"https:\/\/www.yungayino.cl\/noticias\/index.php?rest_route=\/wp\/v2\/posts\/12437","targetHints":{"allow":["GET"]}}],"collection":[{"href":"https:\/\/www.yungayino.cl\/noticias\/index.php?rest_route=\/wp\/v2\/posts"}],"about":[{"href":"https:\/\/www.yungayino.cl\/noticias\/index.php?rest_route=\/wp\/v2\/types\/post"}],"author":[{"embeddable":true,"href":"https:\/\/www.yungayino.cl\/noticias\/index.php?rest_route=\/wp\/v2\/users\/2"}],"replies":[{"embeddable":true,"href":"https:\/\/www.yungayino.cl\/noticias\/index.php?rest_route=%2Fwp%2Fv2%2Fcomments&post=12437"}],"version-history":[{"count":16,"href":"https:\/\/www.yungayino.cl\/noticias\/index.php?rest_route=\/wp\/v2\/posts\/12437\/revisions"}],"predecessor-version":[{"id":12463,"href":"https:\/\/www.yungayino.cl\/noticias\/index.php?rest_route=\/wp\/v2\/posts\/12437\/revisions\/12463"}],"wp:featuredmedia":[{"embeddable":true,"href":"https:\/\/www.yungayino.cl\/noticias\/index.php?rest_route=\/wp\/v2\/media\/12439"}],"wp:attachment":[{"href":"https:\/\/www.yungayino.cl\/noticias\/index.php?rest_route=%2Fwp%2Fv2%2Fmedia&parent=12437"}],"wp:term":[{"taxonomy":"category","embeddable":true,"href":"https:\/\/www.yungayino.cl\/noticias\/index.php?rest_route=%2Fwp%2Fv2%2Fcategories&post=12437"},{"taxonomy":"post_tag","embeddable":true,"href":"https:\/\/www.yungayino.cl\/noticias\/index.php?rest_route=%2Fwp%2Fv2%2Ftags&post=12437"}],"curies":[{"name":"wp","href":"https:\/\/api.w.org\/{rel}","templated":true}]}}