{"id":12474,"date":"2015-01-23T16:27:06","date_gmt":"2015-01-23T19:27:06","guid":{"rendered":"http:\/\/www.yungayino.cl\/noticias\/?p=12474"},"modified":"2015-01-23T18:54:29","modified_gmt":"2015-01-23T21:54:29","slug":"trabajadores-de-paneles-arauco-planta-trupan-cholguan-reciben-certificacion-de-diplomado-en-operacion-de-proceso-dictado-por-instituto-virginio-gomez","status":"publish","type":"post","link":"https:\/\/www.yungayino.cl\/noticias\/?p=12474","title":{"rendered":"Trabajadores de Paneles Arauco Planta Trup\u00e1n Cholgu\u00e1n Reciben Certificaci\u00f3n de \u201cDiplomado en Operaci\u00f3n de Proceso\u201d, Dictado por Instituto Virginio G\u00f3mez"},"content":{"rendered":"<p style=\"text-align: justify;\">Cholgu\u00e1n, En una emotiva ceremonia Trabajadores de Paneles Arauco Planta Trup\u00e1n Cholgu\u00e1n pertenecientes al \u00c1rea de Tableros de Valor Agregado Molduras recibieron el pasado lunes 19 d enero su certificado de aprobaci\u00f3n del \u201cDiplomado en Operaci\u00f3n de Proceso de Valor Agregado\u201d, como t\u00e9rmino de su programa de capacitaci\u00f3n, dictado por el Instituto Profesional Virginio G\u00f3mez.<\/p>\n<p style=\"text-align: justify;\">La ceremonia estuvo encabezada por el Gerente de Paneles, Marcelo Cifuentes, la Jefa Departamento de Capacitaci\u00f3n Instituto Profesional Virginio G\u00f3mez, Julia Riquelme, Subgerentes de Departamentos, Dirigentes Sindicales y familiares de los trabajadores.<\/p>\n<p style=\"text-align: justify;\">Se\u00f1alar que este Diplomado tuvo una duraci\u00f3n de 120 horas cronol\u00f3gicas, que fue dividido en nueve m\u00f3dulos, as\u00ed lo se\u00f1al\u00f3 Julia Riquelme, Jefa Departamento de capacitaci\u00f3n del Instituto Virginio G\u00f3mez, qui\u00e9n \u00a0adem\u00e1s indic\u00f3 el arduo trabajo y esfuerzo de los alumnos, durante estos meses de capacitaci\u00f3n, ya que asist\u00edan despu\u00e9s o antes de terminada su jornada laboral.<\/p>\n<p style=\"text-align: justify;\">Juan Carlos Araneda, trabajador del \u00c1rea de Pintado, expreso en representaci\u00f3n de sus compa\u00f1eros, como muy bueno el curso el cu\u00e1l es una herramienta fundamental para desarrollar de mejor manera su trabajo diario y tambi\u00e9n le permitir\u00e1 para poder proyectarse en el futuro laboral y as\u00ed poder postular a otras \u00e1rea., finalmente agradeci\u00f3 la oportunidad dada por la empresa por darle esta importante herramienta de capacitarse.<\/p>\n<p style=\"text-align: justify;\">Marcelo Cifuentes, felicit\u00f3 a los trabajadores por este importante logro y les indic\u00f3 que se sintieran orgullosos, ya que esta capacitaci\u00f3n les permitir\u00e1 tener mayores herramientas y conocimientos para su crecimiento y futuro laboral, tambi\u00e9n destac\u00f3 el apoyo dado por las familias durante este tiempo, lo que sin duda permiti\u00f3 que cumplieran la meta de poder certificarse. Tambi\u00e9n se\u00f1alo que dentro de los valores de la compa\u00f1\u00eda es crecer bien, por lo tanto la capacitaci\u00f3n entregada permitir\u00e1 a los trabajadores seguir creciendo junto a sus familias.<\/p>\n<p style=\"text-align: justify;\">Por su parte Edgar Gabriel del Pino, Encargado de Formaci\u00f3n y Aprendizaje de la planta reiter\u00f3 sus felicitaciones a los trabajadores e indic\u00f3 que se cumpli\u00f3 con el anhelo de dar una capacitaci\u00f3n con un Instituto de prestigio y que adem\u00e1s pudieran recibir un titulo, tambi\u00e9n valor\u00f3 la respuesta de participaci\u00f3n, esfuerzo y entusiasmo de los trabajadores, lo que motiva a la empresa a seguir realizando estas capacitaciones.<\/p>\n<p style=\"text-align: justify;\">Finalmente terminada la ceremonia los presentes compartieron un c\u00f3ctel para festejar este gran logro.<\/p>\n<p style=\"text-align: justify;\">[su_button url=\u00bbhttps:\/\/www.facebook.com\/media\/set\/?set=a.1006578966023809.1073742431.159561284058919&amp;type=1&#8243; target=\u00bbblank\u00bb size=\u00bb7&#8243; radius=\u00bbround\u00bb icon=\u00bbicon: camera-retro\u00bb]FOTOGRAF\u00cdAS &#8211; Trabajadores de Paneles Arauco reciben certificaci\u00f3n de \u201cDiplomado en Operaci\u00f3n de Proceso\u201d[\/su_button]<\/p>\n","protected":false},"excerpt":{"rendered":"<p>Cholgu\u00e1n, En una emotiva ceremonia Trabajadores de Paneles Arauco Planta Trup\u00e1n Cholgu\u00e1n pertenecientes al \u00c1rea de Tableros de Valor Agregado Molduras recibieron el pasado lunes 19 d enero su certificado de aprobaci\u00f3n del \u201cDiplomado&#46;&#46;&#46;<\/p>\n","protected":false},"author":1,"featured_media":12475,"comment_status":"open","ping_status":"open","sticky":false,"template":"","format":"standard","meta":{"footnotes":""},"categories":[3,5,1],"tags":[585,250,8,6],"class_list":["post-12474","post","type-post","status-publish","format-standard","has-post-thumbnail","hentry","category-actualidad","category-eventos","category-noticias","tag-capacitacion","tag-paneles-arauco","tag-yungay","tag-yungayino"],"_links":{"self":[{"href":"https:\/\/www.yungayino.cl\/noticias\/index.php?rest_route=\/wp\/v2\/posts\/12474","targetHints":{"allow":["GET"]}}],"collection":[{"href":"https:\/\/www.yungayino.cl\/noticias\/index.php?rest_route=\/wp\/v2\/posts"}],"about":[{"href":"https:\/\/www.yungayino.cl\/noticias\/index.php?rest_route=\/wp\/v2\/types\/post"}],"author":[{"embeddable":true,"href":"https:\/\/www.yungayino.cl\/noticias\/index.php?rest_route=\/wp\/v2\/users\/1"}],"replies":[{"embeddable":true,"href":"https:\/\/www.yungayino.cl\/noticias\/index.php?rest_route=%2Fwp%2Fv2%2Fcomments&post=12474"}],"version-history":[{"count":3,"href":"https:\/\/www.yungayino.cl\/noticias\/index.php?rest_route=\/wp\/v2\/posts\/12474\/revisions"}],"predecessor-version":[{"id":12478,"href":"https:\/\/www.yungayino.cl\/noticias\/index.php?rest_route=\/wp\/v2\/posts\/12474\/revisions\/12478"}],"wp:featuredmedia":[{"embeddable":true,"href":"https:\/\/www.yungayino.cl\/noticias\/index.php?rest_route=\/wp\/v2\/media\/12475"}],"wp:attachment":[{"href":"https:\/\/www.yungayino.cl\/noticias\/index.php?rest_route=%2Fwp%2Fv2%2Fmedia&parent=12474"}],"wp:term":[{"taxonomy":"category","embeddable":true,"href":"https:\/\/www.yungayino.cl\/noticias\/index.php?rest_route=%2Fwp%2Fv2%2Fcategories&post=12474"},{"taxonomy":"post_tag","embeddable":true,"href":"https:\/\/www.yungayino.cl\/noticias\/index.php?rest_route=%2Fwp%2Fv2%2Ftags&post=12474"}],"curies":[{"name":"wp","href":"https:\/\/api.w.org\/{rel}","templated":true}]}}