{"id":12482,"date":"2015-01-24T00:00:39","date_gmt":"2015-01-24T03:00:39","guid":{"rendered":"http:\/\/www.yungayino.cl\/noticias\/?p=12482"},"modified":"2015-01-24T14:54:19","modified_gmt":"2015-01-24T17:54:19","slug":"la-sociedad-y-joe-vasconcellos-se-presentan-en-semana-yungayina-2015","status":"publish","type":"post","link":"https:\/\/www.yungayino.cl\/noticias\/?p=12482","title":{"rendered":"La Sociedad y Joe Vasconcellos formaron parte de la Semana Yungayina 2015"},"content":{"rendered":"<p style=\"text-align: justify;\">Yungay, viernes 23 enero 2015: Cerca de las diez y media de la noche el p\u00fablico a\u00fan no llegaba masivamente al recinto del balneario municipal de la comuna de Yungay, pasaron algunos minutos, con el show ya iniciado del d\u00fao nacional La Sociedad y comenz\u00f3 a llegar el p\u00fablico al recinto, marcando unas de las jornadas con mayor concurrencia.<\/p>\n<p style=\"text-align: justify;\">LA SOCIEDAD<br \/>\nLa Sociedad, formada por Pablo Castro y Daniel Guerrero con cerca de tres d\u00e9cadas de iniciados como banda, retornan luego de un separaci\u00f3n a inicios del a\u00f1o 2001, para retomar las creaciones musicales y preparar un nuevo material, algunas canciones que ya se escuchan en las radios a nivel nacional.<\/p>\n<p style=\"text-align: justify;\">\u201cY ver\u00e1s\u201d, \u201cQuiero\u201d, \u201cCoraz\u00f3n solitario\u201d, fueron parte de los temas entregados a los asistentes, que cerca de la medianoche coreaban canciones como \u201cNada quedar\u00e1\u201d o \u201cEsas mujeres\u201d.<\/p>\n<p style=\"text-align: justify;\">Pero no s\u00f3lo cl\u00e1sicos entregaron en su concierto, tambi\u00e9n canciones de su \u00faltima producci\u00f3n llamada \u201c13\u201d, en relaci\u00f3n al tiempo que estuvieron distanciados, melod\u00edas como \u201cPor mi maldito orgullo\u201d est\u00e1n incluidas en este material que logr\u00f3 reunir a estos m\u00fasicos nacionales.<\/p>\n<p style=\"text-align: justify;\"><iframe loading=\"lazy\" src=\"\/\/www.youtube.com\/embed\/V9LYIQLwdJY?rel=0\" width=\"560\" height=\"315\" frameborder=\"0\" allowfullscreen=\"allowfullscreen\"><\/iframe><\/p>\n<p style=\"text-align: justify;\">JOE VASCONCELLOS<br \/>\nEl cantante y compositor Joe Vasconcellos agradeci\u00f3 el recibimiento de la comunidad en esta su primera vez en Yungay, el m\u00fasico quien iniciara su carrera en el grupo Congreso en los a\u00f1os ochenta, para luego tomar rumbo como solista.<\/p>\n<p style=\"text-align: justify;\">Trabajo que logra sus primeros frutos, con el reconocido \u00e1lbum \u201cVivo\u201d, que incluyen \u00e9xitos radiales \u201cHuellas\u201d e \u201cHijos del sol luminoso\u201d, entre otros.<\/p>\n<p style=\"text-align: justify;\">Ocho m\u00fasicos en escena acompa\u00f1an a la voz, guitarra y percusi\u00f3n que recorre el m\u00fasico nacional para entregar una especial fusi\u00f3n de g\u00e9nero latinoamericano, tropical, rock y trova entre otros.<\/p>\n<p style=\"text-align: justify;\">Aproximadamente una hora y veinte minutos de m\u00fasica dejaron con gusto a poco a los asistentes que ped\u00edan el retorno de los m\u00fasicos, que ya el d\u00eda s\u00e1bado tendr\u00e1n que presentarse en la comuna de Coihueco.<\/p>\n<p style=\"text-align: justify;\"><iframe loading=\"lazy\" src=\"\/\/www.youtube.com\/embed\/_kvDi65hV0g\" width=\"600\" height=\"300\"><\/iframe><\/p>\n<p style=\"text-align: justify;\">[su_button url=\u00bbhttps:\/\/www.facebook.com\/media\/set\/?set=a.1006773872670985.1073742434.159561284058919&amp;type=1&#8243; target=\u00bbblank\u00bb size=\u00bb7&#8243; radius=\u00bbround\u00bb icon=\u00bbicon: camera-retro\u00bb]Fotograf\u00edas &#8211; La Sociedad y Joe Vasconcellos se Presentan en Semana Yungayina 2015[\/su_button]<\/p>\n","protected":false},"excerpt":{"rendered":"<p>Yungay, viernes 23 enero 2015: Cerca de las diez y media de la noche el p\u00fablico a\u00fan no llegaba masivamente al recinto del balneario municipal de la comuna de Yungay, pasaron algunos minutos, con&#46;&#46;&#46;<\/p>\n","protected":false},"author":2,"featured_media":12483,"comment_status":"open","ping_status":"open","sticky":false,"template":"","format":"standard","meta":{"footnotes":""},"categories":[3,5,1,15],"tags":[1035,1034,1115,1024,8,6],"class_list":["post-12482","post","type-post","status-publish","format-standard","has-post-thumbnail","hentry","category-actualidad","category-eventos","category-noticias","category-turismo","tag-jou-vasconcellos","tag-la-sociedad","tag-noticias","tag-semana-yungayina-2015","tag-yungay","tag-yungayino"],"_links":{"self":[{"href":"https:\/\/www.yungayino.cl\/noticias\/index.php?rest_route=\/wp\/v2\/posts\/12482","targetHints":{"allow":["GET"]}}],"collection":[{"href":"https:\/\/www.yungayino.cl\/noticias\/index.php?rest_route=\/wp\/v2\/posts"}],"about":[{"href":"https:\/\/www.yungayino.cl\/noticias\/index.php?rest_route=\/wp\/v2\/types\/post"}],"author":[{"embeddable":true,"href":"https:\/\/www.yungayino.cl\/noticias\/index.php?rest_route=\/wp\/v2\/users\/2"}],"replies":[{"embeddable":true,"href":"https:\/\/www.yungayino.cl\/noticias\/index.php?rest_route=%2Fwp%2Fv2%2Fcomments&post=12482"}],"version-history":[{"count":8,"href":"https:\/\/www.yungayino.cl\/noticias\/index.php?rest_route=\/wp\/v2\/posts\/12482\/revisions"}],"predecessor-version":[{"id":12501,"href":"https:\/\/www.yungayino.cl\/noticias\/index.php?rest_route=\/wp\/v2\/posts\/12482\/revisions\/12501"}],"wp:featuredmedia":[{"embeddable":true,"href":"https:\/\/www.yungayino.cl\/noticias\/index.php?rest_route=\/wp\/v2\/media\/12483"}],"wp:attachment":[{"href":"https:\/\/www.yungayino.cl\/noticias\/index.php?rest_route=%2Fwp%2Fv2%2Fmedia&parent=12482"}],"wp:term":[{"taxonomy":"category","embeddable":true,"href":"https:\/\/www.yungayino.cl\/noticias\/index.php?rest_route=%2Fwp%2Fv2%2Fcategories&post=12482"},{"taxonomy":"post_tag","embeddable":true,"href":"https:\/\/www.yungayino.cl\/noticias\/index.php?rest_route=%2Fwp%2Fv2%2Ftags&post=12482"}],"curies":[{"name":"wp","href":"https:\/\/api.w.org\/{rel}","templated":true}]}}